{"id":110093,"date":"2026-04-28T09:42:11","date_gmt":"2026-04-28T09:42:11","guid":{"rendered":"https:\/\/www.diarionoti7.com.mx\/?p=110093"},"modified":"2026-04-28T19:44:48","modified_gmt":"2026-04-28T19:44:48","slug":"elementos-secretaria-de-seguridad-ciudadana-de-mineral-de-la-reforma-detuvieron-a-sujeto-que-vendida-droga-en-plaza-universidad","status":"publish","type":"post","link":"https:\/\/www.diarionoti7.com.mx\/?p=110093","title":{"rendered":"Elementos Secretar\u00eda de Seguridad Ciudadana de Mineral de la Reforma detuvieron a Sujeto Que Vendida Droga en Plaza Universidad"},"content":{"rendered":"\t\t<div data-elementor-type=\"wp-post\" data-elementor-id=\"110093\" class=\"elementor elementor-110093\">\n\t\t\t\t\t\t\t\t\t<section class=\"elementor-section elementor-top-section elementor-element elementor-element-c09b8f0 elementor-section-boxed elementor-section-height-default elementor-section-height-default\" data-id=\"c09b8f0\" data-element_type=\"section\">\n\t\t\t\t\t\t<div class=\"elementor-container elementor-column-gap-default\">\n\t\t\t\t\t<div class=\"elementor-column elementor-col-100 elementor-top-column elementor-element elementor-element-955a561\" data-id=\"955a561\" data-element_type=\"column\">\n\t\t\t<div class=\"elementor-widget-wrap elementor-element-populated\">\n\t\t\t\t\t\t\t\t<div class=\"elementor-element elementor-element-0ce869c elementor-widget elementor-widget-text-editor\" data-id=\"0ce869c\" data-element_type=\"widget\" data-widget_type=\"text-editor.default\">\n\t\t\t\t<div class=\"elementor-widget-container\">\n\t\t\t<style>\/*! elementor - v3.10.2 - 29-01-2023 *\/\n.elementor-widget-text-editor.elementor-drop-cap-view-stacked .elementor-drop-cap{background-color:#818a91;color:#fff}.elementor-widget-text-editor.elementor-drop-cap-view-framed .elementor-drop-cap{color:#818a91;border:3px solid;background-color:transparent}.elementor-widget-text-editor:not(.elementor-drop-cap-view-default) .elementor-drop-cap{margin-top:8px}.elementor-widget-text-editor:not(.elementor-drop-cap-view-default) .elementor-drop-cap-letter{width:1em;height:1em}.elementor-widget-text-editor .elementor-drop-cap{float:left;text-align:center;line-height:1;font-size:50px}.elementor-widget-text-editor .elementor-drop-cap-letter{display:inline-block}<\/style>\t\t\t\t<p><strong>\u00a0Pachuca, Hgo., 27 de abril 2026.- <\/strong>Tras un se\u00f1alamiento de una ciudadana., alerto a la polic\u00eda que un hombre Vend\u00eda Droga Frente a Plaza Universidad por lo que, en atenci\u00f3n a esa denuncia, detuvieron a un sujeto en su posesi\u00f3n de 300 gramos de presunta metanfetamina y una b\u00e1scula gramera.<\/p><p>\u00a0El hecho se dio durante un recorrido de seguridad y vigilancia sobre la carretera\u00a0Pachuca-Tulancingo, a la altura del paradero de\u00a0Plaza Universidad, elementos de la\u00a0Secretar\u00eda de Seguridad Ciudadana de Mineral de la Reforma\u00a0fueron abordados por una mujer, quien inform\u00f3 que un hombre acababa de ofrecerle droga.<\/p><p>Con base en la descripci\u00f3n f\u00edsica proporcionada, los oficiales localizaron y entrevistaron al sujeto se\u00f1alado, quien se identific\u00f3 con las iniciales\u00a0C. U. V. \u00c1., de\u00a028 a\u00f1os de edad.<\/p><p>Al realizarle una inspecci\u00f3n se le encontr\u00f3 dentro de una mochila diversos envoltorios con una sustancia granulada con caracter\u00edsticas propias del\u00a0cristal (metanfetamina), con un peso total de\u00a0300 gramos, as\u00ed como una\u00a0b\u00e1scula gramera.<\/p><p>Por estos hechos, la persona fue detenida y puesta a disposici\u00f3n de la\u00a0Fiscal\u00eda General de la Rep\u00fablica\u00a0con sede en\u00a0Pachuca, Hidalgo, para las investigaciones correspondientes.<\/p>\t\t\t\t\t\t<\/div>\n\t\t\t\t<\/div>\n\t\t\t\t\t<\/div>\n\t\t<\/div>\n\t\t\t\t\t\t\t<\/div>\n\t\t<\/section>\n\t\t\t\t\t\t\t<\/div>\n\t\t","protected":false},"excerpt":{"rendered":"<p>\u00a0Pachuca, Hgo., 27 de abril 2026.- Tras un se\u00f1alamiento de una ciudadana., alerto a la polic\u00eda que un hombre Vend\u00eda Droga Frente a Plaza Universidad por lo que, en atenci\u00f3n a esa denuncia, detuvieron a un sujeto en su posesi\u00f3n de 300 gramos de presunta metanfetamina y una b\u00e1scula gramera. \u00a0El hecho se dio durante [&hellip;]<\/p>\n","protected":false},"author":1,"featured_media":110095,"comment_status":"closed","ping_status":"closed","sticky":false,"template":"","format":"standard","meta":[],"categories":[22],"tags":[],"_links":{"self":[{"href":"https:\/\/www.diarionoti7.com.mx\/index.php?rest_route=\/wp\/v2\/posts\/110093"}],"collection":[{"href":"https:\/\/www.diarionoti7.com.mx\/index.php?rest_route=\/wp\/v2\/posts"}],"about":[{"href":"https:\/\/www.diarionoti7.com.mx\/index.php?rest_route=\/wp\/v2\/types\/post"}],"author":[{"embeddable":true,"href":"https:\/\/www.diarionoti7.com.mx\/index.php?rest_route=\/wp\/v2\/users\/1"}],"replies":[{"embeddable":true,"href":"https:\/\/www.diarionoti7.com.mx\/index.php?rest_route=%2Fwp%2Fv2%2Fcomments&post=110093"}],"version-history":[{"count":7,"href":"https:\/\/www.diarionoti7.com.mx\/index.php?rest_route=\/wp\/v2\/posts\/110093\/revisions"}],"predecessor-version":[{"id":110107,"href":"https:\/\/www.diarionoti7.com.mx\/index.php?rest_route=\/wp\/v2\/posts\/110093\/revisions\/110107"}],"wp:featuredmedia":[{"embeddable":true,"href":"https:\/\/www.diarionoti7.com.mx\/index.php?rest_route=\/wp\/v2\/media\/110095"}],"wp:attachment":[{"href":"https:\/\/www.diarionoti7.com.mx\/index.php?rest_route=%2Fwp%2Fv2%2Fmedia&parent=110093"}],"wp:term":[{"taxonomy":"category","embeddable":true,"href":"https:\/\/www.diarionoti7.com.mx\/index.php?rest_route=%2Fwp%2Fv2%2Fcategories&post=110093"},{"taxonomy":"post_tag","embeddable":true,"href":"https:\/\/www.diarionoti7.com.mx\/index.php?rest_route=%2Fwp%2Fv2%2Ftags&post=110093"}],"curies":[{"name":"wp","href":"https:\/\/api.w.org\/{rel}","templated":true}]}}