{"id":110036,"date":"2026-04-27T10:47:23","date_gmt":"2026-04-27T10:47:23","guid":{"rendered":"https:\/\/www.diarionoti7.com.mx\/?p=110036"},"modified":"2026-04-27T20:48:21","modified_gmt":"2026-04-27T20:48:21","slug":"hidalgo-participa-en-coloquio-nacional-sobre-educacion-secundaria","status":"publish","type":"post","link":"https:\/\/www.diarionoti7.com.mx\/?p=110036","title":{"rendered":"Hidalgo Participa en Coloquio Nacional Sobre Educaci\u00f3n Secundaria"},"content":{"rendered":"\t\t<div data-elementor-type=\"wp-post\" data-elementor-id=\"110036\" class=\"elementor elementor-110036\">\n\t\t\t\t\t\t\t\t\t<section class=\"elementor-section elementor-top-section elementor-element elementor-element-c09b8f0 elementor-section-boxed elementor-section-height-default elementor-section-height-default\" data-id=\"c09b8f0\" data-element_type=\"section\">\n\t\t\t\t\t\t<div class=\"elementor-container elementor-column-gap-default\">\n\t\t\t\t\t<div class=\"elementor-column elementor-col-100 elementor-top-column elementor-element elementor-element-955a561\" data-id=\"955a561\" data-element_type=\"column\">\n\t\t\t<div class=\"elementor-widget-wrap elementor-element-populated\">\n\t\t\t\t\t\t\t\t<div class=\"elementor-element elementor-element-0ce869c elementor-widget elementor-widget-text-editor\" data-id=\"0ce869c\" data-element_type=\"widget\" data-widget_type=\"text-editor.default\">\n\t\t\t\t<div class=\"elementor-widget-container\">\n\t\t\t<style>\/*! elementor - v3.10.2 - 29-01-2023 *\/\n.elementor-widget-text-editor.elementor-drop-cap-view-stacked .elementor-drop-cap{background-color:#818a91;color:#fff}.elementor-widget-text-editor.elementor-drop-cap-view-framed .elementor-drop-cap{color:#818a91;border:3px solid;background-color:transparent}.elementor-widget-text-editor:not(.elementor-drop-cap-view-default) .elementor-drop-cap{margin-top:8px}.elementor-widget-text-editor:not(.elementor-drop-cap-view-default) .elementor-drop-cap-letter{width:1em;height:1em}.elementor-widget-text-editor .elementor-drop-cap{float:left;text-align:center;line-height:1;font-size:50px}.elementor-widget-text-editor .elementor-drop-cap-letter{display:inline-block}<\/style>\t\t\t\t<p><strong>\u00a0\u00a0\u00a0 -SEPH aport\u00f3 experiencia en mesa sobre expansi\u00f3n de la educaci\u00f3n secundaria.<\/strong><\/p><p><strong>Pachuca, Hgo., 26 de abril de 2026.-<\/strong>La Secretar\u00eda de Educaci\u00f3n P\u00fablica de Hidalgo (SEPH) particip\u00f3 en el coloquio nacional \u201cA cien a\u00f1os de acompa\u00f1ar la formaci\u00f3n de las adolescencias mexicanas en las escuelas secundarias\u201d, donde se analizaron los retos actuales de este nivel educativo en M\u00e9xico.<\/p><p>El encuentro fue encabezado por el secretario de Educaci\u00f3n P\u00fablica, Mario Delgado Carrillo, y la subsecretaria de Educaci\u00f3n B\u00e1sica, Noem\u00ed Ju\u00e1rez P\u00e9rez, quienes convocaron a autoridades educativas del pa\u00eds a reflexionar sobre la evoluci\u00f3n y los desaf\u00edos de la educaci\u00f3n secundaria.<\/p><p>En representaci\u00f3n del secretario de Educaci\u00f3n P\u00fablica de Hidalgo, Natividad Castrej\u00f3n Valdez, asisti\u00f3 la subsecretaria de Educaci\u00f3n B\u00e1sica, Nancy Adriana Le\u00f3n Vite, acompa\u00f1ada de la directora de Educaci\u00f3n Secundaria T\u00e9cnica, Ofelia Ram\u00edrez Hern\u00e1ndez.<\/p><p>Durante el coloquio, Hidalgo particip\u00f3 en la mesa de an\u00e1lisis \u201cLa expansi\u00f3n de la escuela secundaria en M\u00e9xico y la conformaci\u00f3n de sus servicios educativos\u201d, con la intervenci\u00f3n de Liliana Bass Sol\u00eds, docente de la Escuela Telesecundaria No. 57, y de la estudiante Nally Alvarado.<\/p><p>El evento se realiz\u00f3 con motivo del centenario de la escuela secundaria en M\u00e9xico, como un espacio de di\u00e1logo y reflexi\u00f3n sobre la evoluci\u00f3n de este nivel educativo y los retos que enfrenta en la actualidad.<\/p><p>En este contexto, el secretario de Educaci\u00f3n P\u00fablica, Mario Delgado Carrillo, inform\u00f3 sobre la presentaci\u00f3n de \u201cEl ABC de las emociones\u201d, como parte de la Estrategia Nacional de Atenci\u00f3n a la Salud Mental dirigida a estudiantes de secundaria, mediante la cual se entregar\u00e1n gu\u00edas para fortalecer el acompa\u00f1amiento socioemocional.<\/p>\t\t\t\t\t\t<\/div>\n\t\t\t\t<\/div>\n\t\t\t\t\t<\/div>\n\t\t<\/div>\n\t\t\t\t\t\t\t<\/div>\n\t\t<\/section>\n\t\t\t\t\t\t\t<\/div>\n\t\t","protected":false},"excerpt":{"rendered":"<p>\u00a0\u00a0\u00a0 -SEPH aport\u00f3 experiencia en mesa sobre expansi\u00f3n de la educaci\u00f3n secundaria. Pachuca, Hgo., 26 de abril de 2026.-La Secretar\u00eda de Educaci\u00f3n P\u00fablica de Hidalgo (SEPH) particip\u00f3 en el coloquio nacional \u201cA cien a\u00f1os de acompa\u00f1ar la formaci\u00f3n de las adolescencias mexicanas en las escuelas secundarias\u201d, donde se analizaron los retos actuales de este nivel [&hellip;]<\/p>\n","protected":false},"author":1,"featured_media":110038,"comment_status":"closed","ping_status":"closed","sticky":false,"template":"","format":"standard","meta":[],"categories":[4],"tags":[],"_links":{"self":[{"href":"https:\/\/www.diarionoti7.com.mx\/index.php?rest_route=\/wp\/v2\/posts\/110036"}],"collection":[{"href":"https:\/\/www.diarionoti7.com.mx\/index.php?rest_route=\/wp\/v2\/posts"}],"about":[{"href":"https:\/\/www.diarionoti7.com.mx\/index.php?rest_route=\/wp\/v2\/types\/post"}],"author":[{"embeddable":true,"href":"https:\/\/www.diarionoti7.com.mx\/index.php?rest_route=\/wp\/v2\/users\/1"}],"replies":[{"embeddable":true,"href":"https:\/\/www.diarionoti7.com.mx\/index.php?rest_route=%2Fwp%2Fv2%2Fcomments&post=110036"}],"version-history":[{"count":4,"href":"https:\/\/www.diarionoti7.com.mx\/index.php?rest_route=\/wp\/v2\/posts\/110036\/revisions"}],"predecessor-version":[{"id":110041,"href":"https:\/\/www.diarionoti7.com.mx\/index.php?rest_route=\/wp\/v2\/posts\/110036\/revisions\/110041"}],"wp:featuredmedia":[{"embeddable":true,"href":"https:\/\/www.diarionoti7.com.mx\/index.php?rest_route=\/wp\/v2\/media\/110038"}],"wp:attachment":[{"href":"https:\/\/www.diarionoti7.com.mx\/index.php?rest_route=%2Fwp%2Fv2%2Fmedia&parent=110036"}],"wp:term":[{"taxonomy":"category","embeddable":true,"href":"https:\/\/www.diarionoti7.com.mx\/index.php?rest_route=%2Fwp%2Fv2%2Fcategories&post=110036"},{"taxonomy":"post_tag","embeddable":true,"href":"https:\/\/www.diarionoti7.com.mx\/index.php?rest_route=%2Fwp%2Fv2%2Ftags&post=110036"}],"curies":[{"name":"wp","href":"https:\/\/api.w.org\/{rel}","templated":true}]}}