{"id":110024,"date":"2026-04-27T10:45:22","date_gmt":"2026-04-27T10:45:22","guid":{"rendered":"https:\/\/www.diarionoti7.com.mx\/?p=110024"},"modified":"2026-04-27T20:46:14","modified_gmt":"2026-04-27T20:46:14","slug":"el-jardin-del-arte-de-pachuca-fue-intervenido-como-parte-de-un-proyecto-de-rehabilitacion-urbana","status":"publish","type":"post","link":"https:\/\/www.diarionoti7.com.mx\/?p=110024","title":{"rendered":"El Jard\u00edn del Arte de Pachuca Fue Intervenido Como Parte de Un Proyecto de Rehabilitaci\u00f3n Urbana"},"content":{"rendered":"\t\t<div data-elementor-type=\"wp-post\" data-elementor-id=\"110024\" class=\"elementor elementor-110024\">\n\t\t\t\t\t\t\t\t\t<section class=\"elementor-section elementor-top-section elementor-element elementor-element-c09b8f0 elementor-section-boxed elementor-section-height-default elementor-section-height-default\" data-id=\"c09b8f0\" data-element_type=\"section\">\n\t\t\t\t\t\t<div class=\"elementor-container elementor-column-gap-default\">\n\t\t\t\t\t<div class=\"elementor-column elementor-col-100 elementor-top-column elementor-element elementor-element-955a561\" data-id=\"955a561\" data-element_type=\"column\">\n\t\t\t<div class=\"elementor-widget-wrap elementor-element-populated\">\n\t\t\t\t\t\t\t\t<div class=\"elementor-element elementor-element-0ce869c elementor-widget elementor-widget-text-editor\" data-id=\"0ce869c\" data-element_type=\"widget\" data-widget_type=\"text-editor.default\">\n\t\t\t\t<div class=\"elementor-widget-container\">\n\t\t\t<style>\/*! elementor - v3.10.2 - 29-01-2023 *\/\n.elementor-widget-text-editor.elementor-drop-cap-view-stacked .elementor-drop-cap{background-color:#818a91;color:#fff}.elementor-widget-text-editor.elementor-drop-cap-view-framed .elementor-drop-cap{color:#818a91;border:3px solid;background-color:transparent}.elementor-widget-text-editor:not(.elementor-drop-cap-view-default) .elementor-drop-cap{margin-top:8px}.elementor-widget-text-editor:not(.elementor-drop-cap-view-default) .elementor-drop-cap-letter{width:1em;height:1em}.elementor-widget-text-editor .elementor-drop-cap{float:left;text-align:center;line-height:1;font-size:50px}.elementor-widget-text-editor .elementor-drop-cap-letter{display:inline-block}<\/style>\t\t\t\t<p>Pachuca, Hgo., 27 de abril de 2026.-El\u00a0<a href=\"https:\/\/criteriohidalgo.com\/fin-de-semana\/corazon-actopan-ilustradores-creativos-expo-venta-grafica\">Jard\u00edn del Arte de Pachuca<\/a>\u00a0fue intervenido como parte de un proyecto de rehabilitaci\u00f3n urbana\u00a0que incluy\u00f3 la renovaci\u00f3n de su mobiliario y la cobertura de murales previamente existentes, lo que gener\u00f3 diversas reacciones entre comunidades de artistas y la ciudadan\u00eda.<\/p><p>Considerado un\u00a0punto de encuentro para artistas independientes en la capital hidalguense, este espacio fue rehabilitado recientemente mediante trabajos que abarcaron bancas, escaleras, quiosco y muros que, anteriormente, albergaban murales realizados por creadores locales.<\/p><p>En entrevista,\u00a0el presidente municipal Jorge Reyes inform\u00f3 que la intervenci\u00f3n forma parte de un proyecto planteado desde el inicio de su administraci\u00f3n, enfocado en la recuperaci\u00f3n de espacios p\u00fablicos. A\u00f1adi\u00f3 que la decisi\u00f3n tambi\u00e9n responde a reportes vecinales sobre el uso del lugar para el consumo de drogas y bebidas alcoh\u00f3licas.<\/p><p>De acuerdo con el edil de\u00a0<a href=\"https:\/\/criteriohidalgo.com\/la-copa\/claudia-sheinbaum-constata-avances-en-la-ciudad-deportiva-y-adelanta-su-inauguracion?post=claudia-sheinbaum-constata-avances-en-la-ciudad-deportiva-y-adelanta-su-inauguracion\">Pachuca<\/a>,\u00a0la rehabilitaci\u00f3n del Jard\u00edn del Arte busca mejorar las condiciones del espacio. Esta postura coincide con la del pintor y muralista Jes\u00fas Vherdhe, quien, actualmente, participa en la intervenci\u00f3n de uno de los muros del lugar.<\/p><p>Vherdhe, quien form\u00f3 parte de los artistas originales del mural previo, se\u00f1al\u00f3 que algunas de las piezas ya presentaban deterioro, mientras que otras permanec\u00edan intactas. Indic\u00f3 que, para \u00e9l, la aplicaci\u00f3n de pintura blanca en los muros fue interpretada como una preparaci\u00f3n para nuevas obras.<\/p><p>A\u00f1adi\u00f3 que, aunque la cobertura de piezas previas puede representar una p\u00e9rdida, considera la renovaci\u00f3n como una oportunidad para desarrollar propuestas distintas.<\/p><p>Este proceso ha permitido el reencuentro entre creadores que hab\u00edan colaborado antes, as\u00ed como la integraci\u00f3n de nuevos participantes.<\/p><p>En redes sociales, diversas opiniones han acompa\u00f1ado esta intervenci\u00f3n. Algunos artistas involucrados han se\u00f1alado que el objetivo es generar nuevas piezas que superen las anteriores, as\u00ed como abrir espacio a nuevos talentos dentro de la escena local.<\/p><p>Hasta el momento,\u00a0las autoridades no han detallado un calendario completo de finalizaci\u00f3n del proyecto en el Jard\u00edn del Arte de Pachuca\u00a0ni el n\u00famero total de murales que ser\u00e1n incorporados en esta nueva etapa.<\/p>\t\t\t\t\t\t<\/div>\n\t\t\t\t<\/div>\n\t\t\t\t\t<\/div>\n\t\t<\/div>\n\t\t\t\t\t\t\t<\/div>\n\t\t<\/section>\n\t\t\t\t\t\t\t<\/div>\n\t\t","protected":false},"excerpt":{"rendered":"<p>Pachuca, Hgo., 27 de abril de 2026.-El\u00a0Jard\u00edn del Arte de Pachuca\u00a0fue intervenido como parte de un proyecto de rehabilitaci\u00f3n urbana\u00a0que incluy\u00f3 la renovaci\u00f3n de su mobiliario y la cobertura de murales previamente existentes, lo que gener\u00f3 diversas reacciones entre comunidades de artistas y la ciudadan\u00eda. Considerado un\u00a0punto de encuentro para artistas independientes en la capital [&hellip;]<\/p>\n","protected":false},"author":1,"featured_media":110026,"comment_status":"closed","ping_status":"closed","sticky":false,"template":"","format":"standard","meta":[],"categories":[9],"tags":[],"_links":{"self":[{"href":"https:\/\/www.diarionoti7.com.mx\/index.php?rest_route=\/wp\/v2\/posts\/110024"}],"collection":[{"href":"https:\/\/www.diarionoti7.com.mx\/index.php?rest_route=\/wp\/v2\/posts"}],"about":[{"href":"https:\/\/www.diarionoti7.com.mx\/index.php?rest_route=\/wp\/v2\/types\/post"}],"author":[{"embeddable":true,"href":"https:\/\/www.diarionoti7.com.mx\/index.php?rest_route=\/wp\/v2\/users\/1"}],"replies":[{"embeddable":true,"href":"https:\/\/www.diarionoti7.com.mx\/index.php?rest_route=%2Fwp%2Fv2%2Fcomments&post=110024"}],"version-history":[{"count":4,"href":"https:\/\/www.diarionoti7.com.mx\/index.php?rest_route=\/wp\/v2\/posts\/110024\/revisions"}],"predecessor-version":[{"id":110029,"href":"https:\/\/www.diarionoti7.com.mx\/index.php?rest_route=\/wp\/v2\/posts\/110024\/revisions\/110029"}],"wp:featuredmedia":[{"embeddable":true,"href":"https:\/\/www.diarionoti7.com.mx\/index.php?rest_route=\/wp\/v2\/media\/110026"}],"wp:attachment":[{"href":"https:\/\/www.diarionoti7.com.mx\/index.php?rest_route=%2Fwp%2Fv2%2Fmedia&parent=110024"}],"wp:term":[{"taxonomy":"category","embeddable":true,"href":"https:\/\/www.diarionoti7.com.mx\/index.php?rest_route=%2Fwp%2Fv2%2Fcategories&post=110024"},{"taxonomy":"post_tag","embeddable":true,"href":"https:\/\/www.diarionoti7.com.mx\/index.php?rest_route=%2Fwp%2Fv2%2Ftags&post=110024"}],"curies":[{"name":"wp","href":"https:\/\/api.w.org\/{rel}","templated":true}]}}