{"id":109974,"date":"2026-04-26T09:16:46","date_gmt":"2026-04-26T09:16:46","guid":{"rendered":"https:\/\/www.diarionoti7.com.mx\/?p=109974"},"modified":"2026-04-26T18:20:34","modified_gmt":"2026-04-26T18:20:34","slug":"sheinbaum-condena-presunto-atentado-contra-trump-la-violencia-nunca-debe-ser-el-camino","status":"publish","type":"post","link":"https:\/\/www.diarionoti7.com.mx\/?p=109974","title":{"rendered":"Sheinbaum Condena Presunto Atentado Contra Trump: \u201cLa Violencia Nunca Debe Ser El Camino\u201d"},"content":{"rendered":"\t\t<div data-elementor-type=\"wp-post\" data-elementor-id=\"109974\" class=\"elementor elementor-109974\">\n\t\t\t\t\t\t\t\t\t<section class=\"elementor-section elementor-top-section elementor-element elementor-element-c09b8f0 elementor-section-boxed elementor-section-height-default elementor-section-height-default\" data-id=\"c09b8f0\" data-element_type=\"section\">\n\t\t\t\t\t\t<div class=\"elementor-container elementor-column-gap-default\">\n\t\t\t\t\t<div class=\"elementor-column elementor-col-100 elementor-top-column elementor-element elementor-element-955a561\" data-id=\"955a561\" data-element_type=\"column\">\n\t\t\t<div class=\"elementor-widget-wrap elementor-element-populated\">\n\t\t\t\t\t\t\t\t<div class=\"elementor-element elementor-element-0ce869c elementor-widget elementor-widget-text-editor\" data-id=\"0ce869c\" data-element_type=\"widget\" data-widget_type=\"text-editor.default\">\n\t\t\t\t<div class=\"elementor-widget-container\">\n\t\t\t<style>\/*! elementor - v3.10.2 - 29-01-2023 *\/\n.elementor-widget-text-editor.elementor-drop-cap-view-stacked .elementor-drop-cap{background-color:#818a91;color:#fff}.elementor-widget-text-editor.elementor-drop-cap-view-framed .elementor-drop-cap{color:#818a91;border:3px solid;background-color:transparent}.elementor-widget-text-editor:not(.elementor-drop-cap-view-default) .elementor-drop-cap{margin-top:8px}.elementor-widget-text-editor:not(.elementor-drop-cap-view-default) .elementor-drop-cap-letter{width:1em;height:1em}.elementor-widget-text-editor .elementor-drop-cap{float:left;text-align:center;line-height:1;font-size:50px}.elementor-widget-text-editor .elementor-drop-cap-letter{display:inline-block}<\/style>\t\t\t\t<p>Este 25 de abril de 2026, Sheinbaum public\u00f3 un mensaje en sus redes sociales en el que conden\u00f3 cualquier acto de agresi\u00f3n<\/p><p>Luego de que diversos reportes dieran a conocer que el presidente de Estados Unidos, Donald Trump, y la primera dama Melania Trump fueron evacuados durante la cena anual de la Asociaci\u00f3n de Corresponsales de la Casa Blanca en Washington, tras un presunto tiroteo, la presidenta de M\u00e9xico, Claudia Sheinbaum Pardo, se\u00a0manifest\u00f3 p\u00fablicamente ante el hecho.<\/p><p>La tarde de este 25 de abril de 2026, Sheinbaum public\u00f3 un mensaje en sus redes sociales en el que conden\u00f3 cualquier acto de agresi\u00f3n y llam\u00f3 a rechazar la violencia como v\u00eda para resolver conflictos.<\/p><p>\u201cLa violencia no debe ser nunca el camino\u201d, expres\u00f3 la mandataria mexicana, en referencia al incidente que oblig\u00f3 a activar protocolos de seguridad durante el evento.<\/p><p>Hasta el momento, autoridades estadounidenses no han detallado oficialmente el alcance del incidente, aunque se report\u00f3 una fuerte movilizaci\u00f3n de seguridad en el lugar.<\/p>\t\t\t\t\t\t<\/div>\n\t\t\t\t<\/div>\n\t\t\t\t\t<\/div>\n\t\t<\/div>\n\t\t\t\t\t\t\t<\/div>\n\t\t<\/section>\n\t\t\t\t\t\t\t<\/div>\n\t\t","protected":false},"excerpt":{"rendered":"<p>Este 25 de abril de 2026, Sheinbaum public\u00f3 un mensaje en sus redes sociales en el que conden\u00f3 cualquier acto de agresi\u00f3n Luego de que diversos reportes dieran a conocer que el presidente de Estados Unidos, Donald Trump, y la primera dama Melania Trump fueron evacuados durante la cena anual de la Asociaci\u00f3n de Corresponsales [&hellip;]<\/p>\n","protected":false},"author":1,"featured_media":109976,"comment_status":"closed","ping_status":"closed","sticky":false,"template":"","format":"standard","meta":[],"categories":[3],"tags":[],"_links":{"self":[{"href":"https:\/\/www.diarionoti7.com.mx\/index.php?rest_route=\/wp\/v2\/posts\/109974"}],"collection":[{"href":"https:\/\/www.diarionoti7.com.mx\/index.php?rest_route=\/wp\/v2\/posts"}],"about":[{"href":"https:\/\/www.diarionoti7.com.mx\/index.php?rest_route=\/wp\/v2\/types\/post"}],"author":[{"embeddable":true,"href":"https:\/\/www.diarionoti7.com.mx\/index.php?rest_route=\/wp\/v2\/users\/1"}],"replies":[{"embeddable":true,"href":"https:\/\/www.diarionoti7.com.mx\/index.php?rest_route=%2Fwp%2Fv2%2Fcomments&post=109974"}],"version-history":[{"count":4,"href":"https:\/\/www.diarionoti7.com.mx\/index.php?rest_route=\/wp\/v2\/posts\/109974\/revisions"}],"predecessor-version":[{"id":109979,"href":"https:\/\/www.diarionoti7.com.mx\/index.php?rest_route=\/wp\/v2\/posts\/109974\/revisions\/109979"}],"wp:featuredmedia":[{"embeddable":true,"href":"https:\/\/www.diarionoti7.com.mx\/index.php?rest_route=\/wp\/v2\/media\/109976"}],"wp:attachment":[{"href":"https:\/\/www.diarionoti7.com.mx\/index.php?rest_route=%2Fwp%2Fv2%2Fmedia&parent=109974"}],"wp:term":[{"taxonomy":"category","embeddable":true,"href":"https:\/\/www.diarionoti7.com.mx\/index.php?rest_route=%2Fwp%2Fv2%2Fcategories&post=109974"},{"taxonomy":"post_tag","embeddable":true,"href":"https:\/\/www.diarionoti7.com.mx\/index.php?rest_route=%2Fwp%2Fv2%2Ftags&post=109974"}],"curies":[{"name":"wp","href":"https:\/\/api.w.org\/{rel}","templated":true}]}}