{"id":109968,"date":"2026-04-26T09:15:10","date_gmt":"2026-04-26T09:15:10","guid":{"rendered":"https:\/\/www.diarionoti7.com.mx\/?p=109968"},"modified":"2026-04-26T18:16:10","modified_gmt":"2026-04-26T18:16:10","slug":"sesionara-el-consejo-nacional-de-morena-el-3-de-mayo-ahi-carolina-rangel-asumira-la-dirigencia-nacional","status":"publish","type":"post","link":"https:\/\/www.diarionoti7.com.mx\/?p=109968","title":{"rendered":"Sesionar\u00e1 El Consejo Nacional de Morena el 3 de Mayo Ah\u00ed Carolina Rangel, Asumir\u00e1 la Dirigencia Nacional"},"content":{"rendered":"\t\t<div data-elementor-type=\"wp-post\" data-elementor-id=\"109968\" class=\"elementor elementor-109968\">\n\t\t\t\t\t\t\t\t\t<section class=\"elementor-section elementor-top-section elementor-element elementor-element-c09b8f0 elementor-section-boxed elementor-section-height-default elementor-section-height-default\" data-id=\"c09b8f0\" data-element_type=\"section\">\n\t\t\t\t\t\t<div class=\"elementor-container elementor-column-gap-default\">\n\t\t\t\t\t<div class=\"elementor-column elementor-col-100 elementor-top-column elementor-element elementor-element-955a561\" data-id=\"955a561\" data-element_type=\"column\">\n\t\t\t<div class=\"elementor-widget-wrap elementor-element-populated\">\n\t\t\t\t\t\t\t\t<div class=\"elementor-element elementor-element-0ce869c elementor-widget elementor-widget-text-editor\" data-id=\"0ce869c\" data-element_type=\"widget\" data-widget_type=\"text-editor.default\">\n\t\t\t\t<div class=\"elementor-widget-container\">\n\t\t\t<style>\/*! elementor - v3.10.2 - 29-01-2023 *\/\n.elementor-widget-text-editor.elementor-drop-cap-view-stacked .elementor-drop-cap{background-color:#818a91;color:#fff}.elementor-widget-text-editor.elementor-drop-cap-view-framed .elementor-drop-cap{color:#818a91;border:3px solid;background-color:transparent}.elementor-widget-text-editor:not(.elementor-drop-cap-view-default) .elementor-drop-cap{margin-top:8px}.elementor-widget-text-editor:not(.elementor-drop-cap-view-default) .elementor-drop-cap-letter{width:1em;height:1em}.elementor-widget-text-editor .elementor-drop-cap{float:left;text-align:center;line-height:1;font-size:50px}.elementor-widget-text-editor .elementor-drop-cap-letter{display:inline-block}<\/style>\t\t\t\t<p><strong>Ciudad De M\u00e9xico. 25 de abril 2026.- <\/strong>El Consejo Nacional de Morena se reunir\u00e1 el domingo 3 de mayo para llevar a cabo la renovaci\u00f3n de su dirigencia nacional, tras el anuncio de la salida de Luisa Mar\u00eda Alcalde de la dirigencia nacional para incorporarse a la Consejer\u00eda Jur\u00eddica, por invitaci\u00f3n de la presidenta Claudia Sheinbaum.<\/p><p>El 22 de abril, la presidenta Claudia Sheinbaum dio a conocer la invitaci\u00f3n a Luisa Mar\u00eda Alcalde para encabezar la Consejer\u00eda Jur\u00eddica del Ejecutivo federal, luego de que, anuncio que Esthela Dami\u00e1n\u00a0\u2014quien se desempe\u00f1aba en el cargo\u2014 le extenu\u00f3 sus deseos de competir por la candidatura a la gubernatura de Morena en Guerrero rumbo a 2027.<\/p><p>La renuncia de Dami\u00e1n fue presentada a Sheinbaum con fecha del 30 de abril, por lo que, horas m\u00e1s tarde, Alcalde Luj\u00e1n acept\u00f3 la invitaci\u00f3n.<\/p><p>De esta manera, el mismo 30 de abril Luisa Alcalde dejar\u00e1 su cargo en Morena y la secretaria general, Carolina Rangel, asumir\u00e1 el interinato por tres d\u00edas hasta el 3 de mayo, donde se realizar\u00e1 la renovaci\u00f3n.<\/p><p>Cabe se\u00f1alar que el acto podr\u00e1 ser conducido por el presidente del Consejo Nacional, Alfonso Durazo, en el que se presentar\u00e1 la propuesta de relevo en la dirigencia.<\/p><p>Consejo de Morena aprobar\u00e1 sustituci\u00f3n de integrantes del Comit\u00e9 Ejecutivo Nacional<\/p><p>De acuerdo con el estatuto de Morena, el Consejo Nacional tiene facultades para \u201caprobar la sustituci\u00f3n de integrantes del Comit\u00e9 Ejecutivo Nacional o de \u00e9ste en su conjunto\u201d.<\/p><p>Ante versiones que colocan a la actual secretaria de Bienestar, Ariadna Montiel, en la dirigencia, el art\u00edculo 8 del documento b\u00e1sico de Morena establece que las y los interesados en suceder a Alcalde deber\u00e1n, en su caso, separarse de su cargo previamente, ya que en los \u00f3rganos de Direcci\u00f3n Ejecutiva \u201cno deber\u00e1n incluir autoridades, funcionarias o funcionarios, o personas integrantes de los poderes Legislativo, Ejecutivo y Judicial de ning\u00fan nivel de gobierno\u201d.<\/p>\t\t\t\t\t\t<\/div>\n\t\t\t\t<\/div>\n\t\t\t\t\t<\/div>\n\t\t<\/div>\n\t\t\t\t\t\t\t<\/div>\n\t\t<\/section>\n\t\t\t\t\t\t\t<\/div>\n\t\t","protected":false},"excerpt":{"rendered":"<p>Ciudad De M\u00e9xico. 25 de abril 2026.- El Consejo Nacional de Morena se reunir\u00e1 el domingo 3 de mayo para llevar a cabo la renovaci\u00f3n de su dirigencia nacional, tras el anuncio de la salida de Luisa Mar\u00eda Alcalde de la dirigencia nacional para incorporarse a la Consejer\u00eda Jur\u00eddica, por invitaci\u00f3n de la presidenta Claudia [&hellip;]<\/p>\n","protected":false},"author":1,"featured_media":109970,"comment_status":"closed","ping_status":"closed","sticky":false,"template":"","format":"standard","meta":[],"categories":[3],"tags":[],"_links":{"self":[{"href":"https:\/\/www.diarionoti7.com.mx\/index.php?rest_route=\/wp\/v2\/posts\/109968"}],"collection":[{"href":"https:\/\/www.diarionoti7.com.mx\/index.php?rest_route=\/wp\/v2\/posts"}],"about":[{"href":"https:\/\/www.diarionoti7.com.mx\/index.php?rest_route=\/wp\/v2\/types\/post"}],"author":[{"embeddable":true,"href":"https:\/\/www.diarionoti7.com.mx\/index.php?rest_route=\/wp\/v2\/users\/1"}],"replies":[{"embeddable":true,"href":"https:\/\/www.diarionoti7.com.mx\/index.php?rest_route=%2Fwp%2Fv2%2Fcomments&post=109968"}],"version-history":[{"count":4,"href":"https:\/\/www.diarionoti7.com.mx\/index.php?rest_route=\/wp\/v2\/posts\/109968\/revisions"}],"predecessor-version":[{"id":109973,"href":"https:\/\/www.diarionoti7.com.mx\/index.php?rest_route=\/wp\/v2\/posts\/109968\/revisions\/109973"}],"wp:featuredmedia":[{"embeddable":true,"href":"https:\/\/www.diarionoti7.com.mx\/index.php?rest_route=\/wp\/v2\/media\/109970"}],"wp:attachment":[{"href":"https:\/\/www.diarionoti7.com.mx\/index.php?rest_route=%2Fwp%2Fv2%2Fmedia&parent=109968"}],"wp:term":[{"taxonomy":"category","embeddable":true,"href":"https:\/\/www.diarionoti7.com.mx\/index.php?rest_route=%2Fwp%2Fv2%2Fcategories&post=109968"},{"taxonomy":"post_tag","embeddable":true,"href":"https:\/\/www.diarionoti7.com.mx\/index.php?rest_route=%2Fwp%2Fv2%2Ftags&post=109968"}],"curies":[{"name":"wp","href":"https:\/\/api.w.org\/{rel}","templated":true}]}}