{"id":109938,"date":"2026-04-26T09:07:33","date_gmt":"2026-04-26T09:07:33","guid":{"rendered":"https:\/\/www.diarionoti7.com.mx\/?p=109938"},"modified":"2026-04-26T18:08:23","modified_gmt":"2026-04-26T18:08:23","slug":"egresan-158-estudiantes-de-la-universidad-politecnica-de-huejutla","status":"publish","type":"post","link":"https:\/\/www.diarionoti7.com.mx\/?p=109938","title":{"rendered":"Egresan 158 estudiantes de la Universidad Polit\u00e9cnica de Huejutla"},"content":{"rendered":"\t\t<div data-elementor-type=\"wp-post\" data-elementor-id=\"109938\" class=\"elementor elementor-109938\">\n\t\t\t\t\t\t\t\t\t<section class=\"elementor-section elementor-top-section elementor-element elementor-element-c09b8f0 elementor-section-boxed elementor-section-height-default elementor-section-height-default\" data-id=\"c09b8f0\" data-element_type=\"section\">\n\t\t\t\t\t\t<div class=\"elementor-container elementor-column-gap-default\">\n\t\t\t\t\t<div class=\"elementor-column elementor-col-100 elementor-top-column elementor-element elementor-element-955a561\" data-id=\"955a561\" data-element_type=\"column\">\n\t\t\t<div class=\"elementor-widget-wrap elementor-element-populated\">\n\t\t\t\t\t\t\t\t<div class=\"elementor-element elementor-element-0ce869c elementor-widget elementor-widget-text-editor\" data-id=\"0ce869c\" data-element_type=\"widget\" data-widget_type=\"text-editor.default\">\n\t\t\t\t<div class=\"elementor-widget-container\">\n\t\t\t<style>\/*! elementor - v3.10.2 - 29-01-2023 *\/\n.elementor-widget-text-editor.elementor-drop-cap-view-stacked .elementor-drop-cap{background-color:#818a91;color:#fff}.elementor-widget-text-editor.elementor-drop-cap-view-framed .elementor-drop-cap{color:#818a91;border:3px solid;background-color:transparent}.elementor-widget-text-editor:not(.elementor-drop-cap-view-default) .elementor-drop-cap{margin-top:8px}.elementor-widget-text-editor:not(.elementor-drop-cap-view-default) .elementor-drop-cap-letter{width:1em;height:1em}.elementor-widget-text-editor .elementor-drop-cap{float:left;text-align:center;line-height:1;font-size:50px}.elementor-widget-text-editor .elementor-drop-cap-letter{display:inline-block}<\/style>\t\t\t\t<p><strong>&#8211;\u00a0 Autoridades educativas destacan preparaci\u00f3n acad\u00e9mica de egresados de la UPH para el entorno laboral<\/strong>.<\/p><p><strong>Pachuca, Hgo., 25 de abril de 2026.-<\/strong>La Universidad Polit\u00e9cnica de Huejutla (UPH), realiz\u00f3 la ceremonia de graduaci\u00f3n de la 12\u00aa generaci\u00f3n (2022\u20132025), en la que 158 estudiantes concluyeron su formaci\u00f3n profesional.<\/p><p>El rector de la UPH, Jos\u00e9 Eugenio Segura Marroqu\u00edn, destac\u00f3 el esfuerzo, disciplina y compromiso de quienes egresaron durante su trayectoria universitaria.<\/p><p>En representaci\u00f3n del secretario de Educaci\u00f3n P\u00fablica de Hidalgo, Natividad Castrej\u00f3n Valdez, el rector de la Universidad Tecnol\u00f3gica de la Huasteca Hidalguense (UTHH), Miguel Acosta Salazar, se\u00f1al\u00f3 que el gobierno estatal, encabezado por Julio Menchaca Salazar, mantiene su respaldo al desarrollo educativo de la regi\u00f3n.<\/p><p>Durante el acto protocolario, se reconoci\u00f3 el trabajo y la dedicaci\u00f3n de la generaci\u00f3n 2022\u20132025, as\u00ed como su preparaci\u00f3n acad\u00e9mica y su capacidad para enfrentar los retos del entorno laboral con una visi\u00f3n innovadora y compromiso social.<\/p><p>La Banda Sinf\u00f3nica de la Escuela Secundaria General \u201cH\u00e9roe Antonio Reyes\u201d particip\u00f3 en el evento con la interpretaci\u00f3n de piezas musicales inspiradas en reconocidas pel\u00edculas.<\/p><p>El evento reuni\u00f3 aproximadamente 450 asistentes, entre autoridades educativas, invitados especiales, personal de la instituci\u00f3n, egresados y sus familiares, quienes fueron testigos de este importante logro acad\u00e9mico.<\/p>\t\t\t\t\t\t<\/div>\n\t\t\t\t<\/div>\n\t\t\t\t\t<\/div>\n\t\t<\/div>\n\t\t\t\t\t\t\t<\/div>\n\t\t<\/section>\n\t\t\t\t\t\t\t<\/div>\n\t\t","protected":false},"excerpt":{"rendered":"<p>&#8211;\u00a0 Autoridades educativas destacan preparaci\u00f3n acad\u00e9mica de egresados de la UPH para el entorno laboral. Pachuca, Hgo., 25 de abril de 2026.-La Universidad Polit\u00e9cnica de Huejutla (UPH), realiz\u00f3 la ceremonia de graduaci\u00f3n de la 12\u00aa generaci\u00f3n (2022\u20132025), en la que 158 estudiantes concluyeron su formaci\u00f3n profesional. El rector de la UPH, Jos\u00e9 Eugenio Segura Marroqu\u00edn, [&hellip;]<\/p>\n","protected":false},"author":1,"featured_media":109940,"comment_status":"closed","ping_status":"closed","sticky":false,"template":"","format":"standard","meta":[],"categories":[4],"tags":[],"_links":{"self":[{"href":"https:\/\/www.diarionoti7.com.mx\/index.php?rest_route=\/wp\/v2\/posts\/109938"}],"collection":[{"href":"https:\/\/www.diarionoti7.com.mx\/index.php?rest_route=\/wp\/v2\/posts"}],"about":[{"href":"https:\/\/www.diarionoti7.com.mx\/index.php?rest_route=\/wp\/v2\/types\/post"}],"author":[{"embeddable":true,"href":"https:\/\/www.diarionoti7.com.mx\/index.php?rest_route=\/wp\/v2\/users\/1"}],"replies":[{"embeddable":true,"href":"https:\/\/www.diarionoti7.com.mx\/index.php?rest_route=%2Fwp%2Fv2%2Fcomments&post=109938"}],"version-history":[{"count":4,"href":"https:\/\/www.diarionoti7.com.mx\/index.php?rest_route=\/wp\/v2\/posts\/109938\/revisions"}],"predecessor-version":[{"id":109943,"href":"https:\/\/www.diarionoti7.com.mx\/index.php?rest_route=\/wp\/v2\/posts\/109938\/revisions\/109943"}],"wp:featuredmedia":[{"embeddable":true,"href":"https:\/\/www.diarionoti7.com.mx\/index.php?rest_route=\/wp\/v2\/media\/109940"}],"wp:attachment":[{"href":"https:\/\/www.diarionoti7.com.mx\/index.php?rest_route=%2Fwp%2Fv2%2Fmedia&parent=109938"}],"wp:term":[{"taxonomy":"category","embeddable":true,"href":"https:\/\/www.diarionoti7.com.mx\/index.php?rest_route=%2Fwp%2Fv2%2Fcategories&post=109938"},{"taxonomy":"post_tag","embeddable":true,"href":"https:\/\/www.diarionoti7.com.mx\/index.php?rest_route=%2Fwp%2Fv2%2Ftags&post=109938"}],"curies":[{"name":"wp","href":"https:\/\/api.w.org\/{rel}","templated":true}]}}