{"id":106445,"date":"2026-03-16T09:15:08","date_gmt":"2026-03-16T09:15:08","guid":{"rendered":"https:\/\/www.diarionoti7.com.mx\/?p=106445"},"modified":"2026-03-16T19:17:23","modified_gmt":"2026-03-16T19:17:23","slug":"vamos-a-seguir-apoyando-al-pueblo-de-cuba-el-humanismo-es-la-esencia-de-las-y-los-mexicanos-presidenta-claudia-sheinbaum-en-nayarit","status":"publish","type":"post","link":"https:\/\/www.diarionoti7.com.mx\/?p=106445","title":{"rendered":"Vamos a Seguir Apoyando al Pueblo de Cuba; El Humanismo Es La Esencia de Las y Los Mexicanos: Presidenta Claudia Sheinbaum en Nayarit"},"content":{"rendered":"\t\t<div data-elementor-type=\"wp-post\" data-elementor-id=\"106445\" class=\"elementor elementor-106445\">\n\t\t\t\t\t\t\t\t\t<section class=\"elementor-section elementor-top-section elementor-element elementor-element-c09b8f0 elementor-section-boxed elementor-section-height-default elementor-section-height-default\" data-id=\"c09b8f0\" data-element_type=\"section\">\n\t\t\t\t\t\t<div class=\"elementor-container elementor-column-gap-default\">\n\t\t\t\t\t<div class=\"elementor-column elementor-col-100 elementor-top-column elementor-element elementor-element-955a561\" data-id=\"955a561\" data-element_type=\"column\">\n\t\t\t<div class=\"elementor-widget-wrap elementor-element-populated\">\n\t\t\t\t\t\t\t\t<div class=\"elementor-element elementor-element-0ce869c elementor-widget elementor-widget-text-editor\" data-id=\"0ce869c\" data-element_type=\"widget\" data-widget_type=\"text-editor.default\">\n\t\t\t\t<div class=\"elementor-widget-container\">\n\t\t\t<style>\/*! elementor - v3.10.2 - 29-01-2023 *\/\n.elementor-widget-text-editor.elementor-drop-cap-view-stacked .elementor-drop-cap{background-color:#818a91;color:#fff}.elementor-widget-text-editor.elementor-drop-cap-view-framed .elementor-drop-cap{color:#818a91;border:3px solid;background-color:transparent}.elementor-widget-text-editor:not(.elementor-drop-cap-view-default) .elementor-drop-cap{margin-top:8px}.elementor-widget-text-editor:not(.elementor-drop-cap-view-default) .elementor-drop-cap-letter{width:1em;height:1em}.elementor-widget-text-editor .elementor-drop-cap{float:left;text-align:center;line-height:1;font-size:50px}.elementor-widget-text-editor .elementor-drop-cap-letter{display:inline-block}<\/style>\t\t\t\t<p><strong>-\u201cNos caracteriza el amor por el pr\u00f3jimo, por la familia, por la naturaleza y el amor a la patria. Y eso no nos lo va a quitar absolutamente nadie, eso es ser mexicana y mexicano\u201d: Jefa del Ejecutivo Federal<\/strong><\/p><p><strong>-Expres\u00f3 su respaldo a la publicaci\u00f3n hecha por el expresidente Andr\u00e9s Manuel L\u00f3pez Obrador, de solidaridad con el pueblo cubano<\/strong><\/p><p><strong>-Encabez\u00f3 la entrega de tarjetas del programa Pensi\u00f3n Mujeres Bienestar en el municipio de Compostela<\/strong><\/p><p><strong>Compostela, Nayarit, a 15 de marzo de 2026.- E<\/strong>n Compostela, Nayarit, la Presidenta Claudia Sheinbaum Pardo reiter\u00f3 que M\u00e9xico seguir\u00e1 apoyando al pueblo de Cuba, ya que el Humanismo es la esencia de las mexicanas y de los mexicanos, esto en respaldo al posicionamiento que hizo ayer en redes sociales el expresidente Andr\u00e9s Manuel L\u00f3pez Obrador, en solidaridad con la isla caribe\u00f1a.<\/p><p>\u00a0 \u201cNos caracteriza el amor a las mexicanas y los mexicanos, el amor por el pr\u00f3jimo, el amor por la familia, el amor por la naturaleza y el amor a la patria. Y eso no nos lo va a quitar absolutamente nadie, eso es ser mexicana y mexicano. Dec\u00eda que desde la Primera Transformaci\u00f3n luchamos con eso: por la independencia, por la soberan\u00eda, por la igualdad, luchamos por la libertad y luchamos por la democracia. Pero tambi\u00e9n en la Cuarta Transformaci\u00f3n hay una palabra que nos caracteriza: el Humanismo, que es la esencia del mexicano y de la mexicana.\u00a0 \u00a1Que viva Nayarit! \u00a1Que viva M\u00e9xico! \u00a1Que viva M\u00e9xico! \u00a1Que viva M\u00e9xico!\u201d, puntualiz\u00f3 tras encabezar la entrega de tarjetas del programa Pensi\u00f3n Mujeres Bienestar a derechohabientes en tierras nayaritas.<\/p><p>\u00a0 Record\u00f3 la solidaridad del pueblo de M\u00e9xico en situaciones adversas, como las lluvias del a\u00f1o pasado en los estados de Quer\u00e9taro, San Luis Potos\u00ed, Veracruz, Hidalgo y Puebla, donde la gente, pese a las condiciones, no dej\u00f3 de ofrecer su apoyo y agradecimiento en cada recorrido de la mandataria. \u201cEso no es de cualquier pueblo, eso es del pueblo de M\u00e9xico y debemos sentirnos muy orgullosos y orgullosas de ser mexicanos y mexicanas. Somos \u00fanicos, es un pueblo extraordinario, trabajador\u201d, a\u00f1adi\u00f3.<\/p><p>Destac\u00f3 que la entrega del programa Pensi\u00f3n Mujeres Bienestar es un reconocimiento al trabajo de las mujeres y se suma a dos programas nuevos de su administraci\u00f3n: la Beca Rita Cetina, que inici\u00f3 el a\u00f1o pasado con alumnas y alumnos de secundaria, pero que a partir de septiembre se extender\u00e1 a ni\u00f1as y ni\u00f1os de primarias p\u00fablicas para uniformes y \u00fatiles escolares; adem\u00e1s de Salud Casa por Casa para personas adultas mayores y con discapacidad.\u00a0<\/p><p>La secretaria de Bienestar, Ariadna Montiel Reyes, afirm\u00f3 que M\u00e9xico tiene a la mejor Presidenta del mundo y destac\u00f3 el cumplimiento de su palabra con las mujeres de M\u00e9xico a trav\u00e9s de la Pensi\u00f3n Mujeres Bienestar, un apoyo de 3 mil 100 pesos bimestrales que reconoce toda una vida de trabajo de las mujeres.<\/p><p>\u00a0 La secretaria de las Mujeres, Citlalli Hern\u00e1ndez Mora, resalt\u00f3 que adem\u00e1s de este apoyo econ\u00f3mico, el gobierno de la primera mujer Presidenta tambi\u00e9n impulsa acciones como la construcci\u00f3n de Centros LIBRE en cada municipio del pa\u00eds y la distribuci\u00f3n de la Cartillas de Derechos para la Mujer.\u00a0<\/p><p>El gobernador de Nayarit, Miguel \u00c1ngel Navarro Quintero, agradeci\u00f3 a la mandataria por incluir a la entidad en el proyecto nacional de transformaci\u00f3n, que ha permitido recuperar su patrimonio a las y los nayaritas y que traer\u00e1 m\u00e1s proyectos de salud. \u00a0<\/p><p>La derechohabiente del programa Pensi\u00f3n Mujeres Bienestar, Delfina Cervantes Cisneros, agradeci\u00f3 este apoyo y reconoci\u00f3 que la Jefa del Poder Ejecutivo Federal es una mujer que le \u201cha echado muchas ganas\u201d para que las mujeres reciban m\u00e1s apoyos<strong>.<\/strong><\/p>\t\t\t\t\t\t<\/div>\n\t\t\t\t<\/div>\n\t\t\t\t\t<\/div>\n\t\t<\/div>\n\t\t\t\t\t\t\t<\/div>\n\t\t<\/section>\n\t\t\t\t\t\t\t<\/div>\n\t\t","protected":false},"excerpt":{"rendered":"<p>-\u201cNos caracteriza el amor por el pr\u00f3jimo, por la familia, por la naturaleza y el amor a la patria. Y eso no nos lo va a quitar absolutamente nadie, eso es ser mexicana y mexicano\u201d: Jefa del Ejecutivo Federal -Expres\u00f3 su respaldo a la publicaci\u00f3n hecha por el expresidente Andr\u00e9s Manuel L\u00f3pez Obrador, de solidaridad [&hellip;]<\/p>\n","protected":false},"author":1,"featured_media":106447,"comment_status":"closed","ping_status":"closed","sticky":false,"template":"","format":"standard","meta":[],"categories":[3],"tags":[],"_links":{"self":[{"href":"https:\/\/www.diarionoti7.com.mx\/index.php?rest_route=\/wp\/v2\/posts\/106445"}],"collection":[{"href":"https:\/\/www.diarionoti7.com.mx\/index.php?rest_route=\/wp\/v2\/posts"}],"about":[{"href":"https:\/\/www.diarionoti7.com.mx\/index.php?rest_route=\/wp\/v2\/types\/post"}],"author":[{"embeddable":true,"href":"https:\/\/www.diarionoti7.com.mx\/index.php?rest_route=\/wp\/v2\/users\/1"}],"replies":[{"embeddable":true,"href":"https:\/\/www.diarionoti7.com.mx\/index.php?rest_route=%2Fwp%2Fv2%2Fcomments&post=106445"}],"version-history":[{"count":4,"href":"https:\/\/www.diarionoti7.com.mx\/index.php?rest_route=\/wp\/v2\/posts\/106445\/revisions"}],"predecessor-version":[{"id":106450,"href":"https:\/\/www.diarionoti7.com.mx\/index.php?rest_route=\/wp\/v2\/posts\/106445\/revisions\/106450"}],"wp:featuredmedia":[{"embeddable":true,"href":"https:\/\/www.diarionoti7.com.mx\/index.php?rest_route=\/wp\/v2\/media\/106447"}],"wp:attachment":[{"href":"https:\/\/www.diarionoti7.com.mx\/index.php?rest_route=%2Fwp%2Fv2%2Fmedia&parent=106445"}],"wp:term":[{"taxonomy":"category","embeddable":true,"href":"https:\/\/www.diarionoti7.com.mx\/index.php?rest_route=%2Fwp%2Fv2%2Fcategories&post=106445"},{"taxonomy":"post_tag","embeddable":true,"href":"https:\/\/www.diarionoti7.com.mx\/index.php?rest_route=%2Fwp%2Fv2%2Ftags&post=106445"}],"curies":[{"name":"wp","href":"https:\/\/api.w.org\/{rel}","templated":true}]}}