{"id":106409,"date":"2026-03-16T09:06:22","date_gmt":"2026-03-16T09:06:22","guid":{"rendered":"https:\/\/www.diarionoti7.com.mx\/?p=106409"},"modified":"2026-03-16T19:07:13","modified_gmt":"2026-03-16T19:07:13","slug":"fortalece-seph-entornos-seguros-con-ferias-para-la-convivencia-escolar","status":"publish","type":"post","link":"https:\/\/www.diarionoti7.com.mx\/?p=106409","title":{"rendered":"Fortalece SEPH Entornos Seguros con Ferias para la Convivencia Escolar"},"content":{"rendered":"\t\t<div data-elementor-type=\"wp-post\" data-elementor-id=\"106409\" class=\"elementor elementor-106409\">\n\t\t\t\t\t\t\t\t\t<section class=\"elementor-section elementor-top-section elementor-element elementor-element-c09b8f0 elementor-section-boxed elementor-section-height-default elementor-section-height-default\" data-id=\"c09b8f0\" data-element_type=\"section\">\n\t\t\t\t\t\t<div class=\"elementor-container elementor-column-gap-default\">\n\t\t\t\t\t<div class=\"elementor-column elementor-col-100 elementor-top-column elementor-element elementor-element-955a561\" data-id=\"955a561\" data-element_type=\"column\">\n\t\t\t<div class=\"elementor-widget-wrap elementor-element-populated\">\n\t\t\t\t\t\t\t\t<div class=\"elementor-element elementor-element-0ce869c elementor-widget elementor-widget-text-editor\" data-id=\"0ce869c\" data-element_type=\"widget\" data-widget_type=\"text-editor.default\">\n\t\t\t\t<div class=\"elementor-widget-container\">\n\t\t\t<style>\/*! elementor - v3.10.2 - 29-01-2023 *\/\n.elementor-widget-text-editor.elementor-drop-cap-view-stacked .elementor-drop-cap{background-color:#818a91;color:#fff}.elementor-widget-text-editor.elementor-drop-cap-view-framed .elementor-drop-cap{color:#818a91;border:3px solid;background-color:transparent}.elementor-widget-text-editor:not(.elementor-drop-cap-view-default) .elementor-drop-cap{margin-top:8px}.elementor-widget-text-editor:not(.elementor-drop-cap-view-default) .elementor-drop-cap-letter{width:1em;height:1em}.elementor-widget-text-editor .elementor-drop-cap{float:left;text-align:center;line-height:1;font-size:50px}.elementor-widget-text-editor .elementor-drop-cap-letter{display:inline-block}<\/style>\t\t\t\t<p><strong>-Se han beneficiado a 2 mil 738 integrantes de la comunidad educativa en lo que va del a\u00f1o.<\/strong><\/p><p><strong>Pachuca, Hgo., 15 de marzo de 2026.-<\/strong>Bajo la premisa de transformar la educaci\u00f3n desde el territorio, la Secretar\u00eda de Educaci\u00f3n P\u00fablica de Hidalgo (SEPH), encabezada por Natividad Castrej\u00f3n Valdez, ha beneficiado a 2 mil 738 integrantes de la comunidad educativa en Hidalgo en lo que va del a\u00f1o, mediante cuatro Ferias para la Convivencia Escolar, desarrolladas en los municipios de Tizayuca, Almoloya, Atotonilco el Grande y Huasca de Ocampo.<\/p><p>Estas jornadas son coordinadas por la Subsecretar\u00eda de Educaci\u00f3n B\u00e1sica, encabezada por Nancy Adriana Le\u00f3n Vite, a trav\u00e9s de la Direcci\u00f3n General de Fortalecimiento Educativo y la Direcci\u00f3n de Convivencia y Seguridad Escolar. El objetivo es claro: mantener una presencia activa en cada regi\u00f3n de la entidad para ofrecer tr\u00e1mites y servicios, priorizando acciones preventivas y reactivas ante situaciones de violencia escolar.<\/p><p>Durante estas ferias, el alumnado participa en un abanico de actividades: l\u00fadicas, pr\u00e1cticas, literarias, recreativas, deportivas, art\u00edsticas y culturales. Las actividades tuvieron como sede las primarias &#8220;Donaciano Serna Leal&#8221; y &#8220;Tierra y Libertad&#8221;, as\u00ed como las secundarias generales &#8220;Ram\u00f3n L\u00f3pez Velarde&#8221; y &#8220;Lic. Jorge Viesca Palma&#8221;.<\/p><p>Adem\u00e1s, se cont\u00f3 con la participaci\u00f3n de escuelas invitadas como la Secundaria General No. 5 &#8220;Antonio Cuadrini D\u2019 Palma&#8221;, la Primaria &#8220;Gonzalo G. Agis&#8221; y la Telesecundaria No. 437, consolidando un esquema de colaboraci\u00f3n interinstitucional.<\/p><p>El \u00e9xito de estas ediciones es reflejo del compromiso del gobernador Julio Menchaca Salazar por reconstruir el tejido social desde las aulas y del secretario Natividad Castrej\u00f3n, quien ha instruido un trabajo territorial permanente que fortalece la seguridad mediante una articulaci\u00f3n interinstitucional activa y constante.<\/p>\t\t\t\t\t\t<\/div>\n\t\t\t\t<\/div>\n\t\t\t\t\t<\/div>\n\t\t<\/div>\n\t\t\t\t\t\t\t<\/div>\n\t\t<\/section>\n\t\t\t\t\t\t\t<\/div>\n\t\t","protected":false},"excerpt":{"rendered":"<p>-Se han beneficiado a 2 mil 738 integrantes de la comunidad educativa en lo que va del a\u00f1o. Pachuca, Hgo., 15 de marzo de 2026.-Bajo la premisa de transformar la educaci\u00f3n desde el territorio, la Secretar\u00eda de Educaci\u00f3n P\u00fablica de Hidalgo (SEPH), encabezada por Natividad Castrej\u00f3n Valdez, ha beneficiado a 2 mil 738 integrantes de [&hellip;]<\/p>\n","protected":false},"author":1,"featured_media":106411,"comment_status":"closed","ping_status":"closed","sticky":false,"template":"","format":"standard","meta":[],"categories":[4],"tags":[],"_links":{"self":[{"href":"https:\/\/www.diarionoti7.com.mx\/index.php?rest_route=\/wp\/v2\/posts\/106409"}],"collection":[{"href":"https:\/\/www.diarionoti7.com.mx\/index.php?rest_route=\/wp\/v2\/posts"}],"about":[{"href":"https:\/\/www.diarionoti7.com.mx\/index.php?rest_route=\/wp\/v2\/types\/post"}],"author":[{"embeddable":true,"href":"https:\/\/www.diarionoti7.com.mx\/index.php?rest_route=\/wp\/v2\/users\/1"}],"replies":[{"embeddable":true,"href":"https:\/\/www.diarionoti7.com.mx\/index.php?rest_route=%2Fwp%2Fv2%2Fcomments&post=106409"}],"version-history":[{"count":4,"href":"https:\/\/www.diarionoti7.com.mx\/index.php?rest_route=\/wp\/v2\/posts\/106409\/revisions"}],"predecessor-version":[{"id":106414,"href":"https:\/\/www.diarionoti7.com.mx\/index.php?rest_route=\/wp\/v2\/posts\/106409\/revisions\/106414"}],"wp:featuredmedia":[{"embeddable":true,"href":"https:\/\/www.diarionoti7.com.mx\/index.php?rest_route=\/wp\/v2\/media\/106411"}],"wp:attachment":[{"href":"https:\/\/www.diarionoti7.com.mx\/index.php?rest_route=%2Fwp%2Fv2%2Fmedia&parent=106409"}],"wp:term":[{"taxonomy":"category","embeddable":true,"href":"https:\/\/www.diarionoti7.com.mx\/index.php?rest_route=%2Fwp%2Fv2%2Fcategories&post=106409"},{"taxonomy":"post_tag","embeddable":true,"href":"https:\/\/www.diarionoti7.com.mx\/index.php?rest_route=%2Fwp%2Fv2%2Ftags&post=106409"}],"curies":[{"name":"wp","href":"https:\/\/api.w.org\/{rel}","templated":true}]}}