{"id":106377,"date":"2026-03-15T09:04:50","date_gmt":"2026-03-15T09:04:50","guid":{"rendered":"https:\/\/www.diarionoti7.com.mx\/?p=106377"},"modified":"2026-03-15T19:08:07","modified_gmt":"2026-03-15T19:08:07","slug":"con-capacitacion-gobierno-de-hidalgo-fortalece-al-sector-acuicola-y-pesquero","status":"publish","type":"post","link":"https:\/\/www.diarionoti7.com.mx\/?p=106377","title":{"rendered":"Con Capacitaci\u00f3n, Gobierno de Hidalgo Fortalece al Sector Acu\u00edcola y Pesquero"},"content":{"rendered":"\t\t<div data-elementor-type=\"wp-post\" data-elementor-id=\"106377\" class=\"elementor elementor-106377\">\n\t\t\t\t\t\t\t\t\t<section class=\"elementor-section elementor-top-section elementor-element elementor-element-c09b8f0 elementor-section-boxed elementor-section-height-default elementor-section-height-default\" data-id=\"c09b8f0\" data-element_type=\"section\">\n\t\t\t\t\t\t<div class=\"elementor-container elementor-column-gap-default\">\n\t\t\t\t\t<div class=\"elementor-column elementor-col-100 elementor-top-column elementor-element elementor-element-955a561\" data-id=\"955a561\" data-element_type=\"column\">\n\t\t\t<div class=\"elementor-widget-wrap elementor-element-populated\">\n\t\t\t\t\t\t\t\t<div class=\"elementor-element elementor-element-0ce869c elementor-widget elementor-widget-text-editor\" data-id=\"0ce869c\" data-element_type=\"widget\" data-widget_type=\"text-editor.default\">\n\t\t\t\t<div class=\"elementor-widget-container\">\n\t\t\t<style>\/*! elementor - v3.10.2 - 29-01-2023 *\/\n.elementor-widget-text-editor.elementor-drop-cap-view-stacked .elementor-drop-cap{background-color:#818a91;color:#fff}.elementor-widget-text-editor.elementor-drop-cap-view-framed .elementor-drop-cap{color:#818a91;border:3px solid;background-color:transparent}.elementor-widget-text-editor:not(.elementor-drop-cap-view-default) .elementor-drop-cap{margin-top:8px}.elementor-widget-text-editor:not(.elementor-drop-cap-view-default) .elementor-drop-cap-letter{width:1em;height:1em}.elementor-widget-text-editor .elementor-drop-cap{float:left;text-align:center;line-height:1;font-size:50px}.elementor-widget-text-editor .elementor-drop-cap-letter{display:inline-block}<\/style>\t\t\t\t<p><strong>*M\u00e1s de 600 acuacultores del estado participaron en jornadas de capacitaci\u00f3n sobre alimentaci\u00f3n y buenas pr\u00e1cticas acu\u00edcolas.<\/strong><\/p><p><strong>San Salvador, Hgo., 14 de marzo de 2026.-<\/strong>Como parte de las acciones para fortalecer la producci\u00f3n acu\u00edcola en Hidalgo, la Secretar\u00eda de Agricultura y Desarrollo Rural del estado (Saderh) desarroll\u00f3 un programa de actualizaci\u00f3n t\u00e9cnica dirigidas a productores, pescadores, estudiantes, acad\u00e9micos y personal especializado.<\/p><p>Las jornadas de formaci\u00f3n estuvieron enfocadas en temas clave para el desarrollo del sector, como nutrici\u00f3n de peces, manejo adecuado del alimento, sanidad acu\u00edcola y estrategias para la comercializaci\u00f3n de productos pesqueros y acu\u00edcolas, promoviendo as\u00ed mejores pr\u00e1cticas productivas y mayor competitividad para los productores hidalguenses.<\/p><p>La primera capacitaci\u00f3n se realiz\u00f3 el lunes 9 de marzo en la Unidad Acu\u00edcola \u201cLa Trucha del Zembo\u201d, ubicada en la localidad de San Lorenzo El Zembo, en el municipio de Huasca de Ocampo, donde se cont\u00f3 con la asistencia de m\u00e1s de 200 productores acu\u00edcolas provenientes de 32 municipios del estado.<\/p><p>Posteriormente, el segundo d\u00eda de actividades tuvo lugar el mi\u00e9rcoles 11 de marzo de 2026 en el municipio de Atlapexco, con la participaci\u00f3n de 148 asistentes provenientes de 13 municipios de la regi\u00f3n Huasteca.<\/p><p>La tercera jornada se desarroll\u00f3 el viernes 13 de marzo de 2026 en el municipio de San Salvador, donde m\u00e1s de 250 participantes de 25 municipios acudieron a la convocatoria, consolidando as\u00ed un importante espacio de aprendizaje e intercambio de conocimientos para el sector.<\/p><p>Las capacitaciones fueron impartidas por Crisantema Hern\u00e1ndez Gonz\u00e1lez, investigadora y actual coordinadora de la subsede Mazatl\u00e1n del Centro de Investigaci\u00f3n en Alimentaci\u00f3n y Desarrollo (CIAD), en coordinaci\u00f3n con Otoniel Garc\u00eda Montiel, representante de la Comisi\u00f3n Nacional de Acuacultura y Pesca (Conapesca) en Hidalgo, as\u00ed como con el Comit\u00e9 Acu\u00edcola Hidalguense de Sanidad.<\/p><p>Durante estas actividades, el titular de la Saderh, Napole\u00f3n Gonz\u00e1lez P\u00e9rez, destac\u00f3 el respaldo permanente que el gobernador Julio Menchaca brinda al sector acu\u00edcola mediante el fortalecimiento de programas y apoyos dirigidos a las y los productores.<\/p><p>Indic\u00f3 a su vez: \u201cQueremos que todas y todos los hidalguenses tengan una mejor calidad de vida en todos los sentidos. Valoro este tipo de capacitaciones, porque hoy hacemos realidad una firma de convenio\u201d.<\/p><p>Entre estas acciones se encuentran la entrega de cr\u00edas de peces y alevines, as\u00ed como el apoyo para la instalaci\u00f3n de estanques con geomembrana, medidas que contribuyen a impulsar la producci\u00f3n acu\u00edcola en la entidad.<\/p>\t\t\t\t\t\t<\/div>\n\t\t\t\t<\/div>\n\t\t\t\t\t<\/div>\n\t\t<\/div>\n\t\t\t\t\t\t\t<\/div>\n\t\t<\/section>\n\t\t\t\t\t\t\t<\/div>\n\t\t","protected":false},"excerpt":{"rendered":"<p>*M\u00e1s de 600 acuacultores del estado participaron en jornadas de capacitaci\u00f3n sobre alimentaci\u00f3n y buenas pr\u00e1cticas acu\u00edcolas. San Salvador, Hgo., 14 de marzo de 2026.-Como parte de las acciones para fortalecer la producci\u00f3n acu\u00edcola en Hidalgo, la Secretar\u00eda de Agricultura y Desarrollo Rural del estado (Saderh) desarroll\u00f3 un programa de actualizaci\u00f3n t\u00e9cnica dirigidas a productores, [&hellip;]<\/p>\n","protected":false},"author":1,"featured_media":106379,"comment_status":"closed","ping_status":"closed","sticky":false,"template":"","format":"standard","meta":[],"categories":[7],"tags":[],"_links":{"self":[{"href":"https:\/\/www.diarionoti7.com.mx\/index.php?rest_route=\/wp\/v2\/posts\/106377"}],"collection":[{"href":"https:\/\/www.diarionoti7.com.mx\/index.php?rest_route=\/wp\/v2\/posts"}],"about":[{"href":"https:\/\/www.diarionoti7.com.mx\/index.php?rest_route=\/wp\/v2\/types\/post"}],"author":[{"embeddable":true,"href":"https:\/\/www.diarionoti7.com.mx\/index.php?rest_route=\/wp\/v2\/users\/1"}],"replies":[{"embeddable":true,"href":"https:\/\/www.diarionoti7.com.mx\/index.php?rest_route=%2Fwp%2Fv2%2Fcomments&post=106377"}],"version-history":[{"count":4,"href":"https:\/\/www.diarionoti7.com.mx\/index.php?rest_route=\/wp\/v2\/posts\/106377\/revisions"}],"predecessor-version":[{"id":106382,"href":"https:\/\/www.diarionoti7.com.mx\/index.php?rest_route=\/wp\/v2\/posts\/106377\/revisions\/106382"}],"wp:featuredmedia":[{"embeddable":true,"href":"https:\/\/www.diarionoti7.com.mx\/index.php?rest_route=\/wp\/v2\/media\/106379"}],"wp:attachment":[{"href":"https:\/\/www.diarionoti7.com.mx\/index.php?rest_route=%2Fwp%2Fv2%2Fmedia&parent=106377"}],"wp:term":[{"taxonomy":"category","embeddable":true,"href":"https:\/\/www.diarionoti7.com.mx\/index.php?rest_route=%2Fwp%2Fv2%2Fcategories&post=106377"},{"taxonomy":"post_tag","embeddable":true,"href":"https:\/\/www.diarionoti7.com.mx\/index.php?rest_route=%2Fwp%2Fv2%2Ftags&post=106377"}],"curies":[{"name":"wp","href":"https:\/\/api.w.org\/{rel}","templated":true}]}}