{"id":106353,"date":"2026-03-15T08:58:15","date_gmt":"2026-03-15T08:58:15","guid":{"rendered":"https:\/\/www.diarionoti7.com.mx\/?p=106353"},"modified":"2026-03-15T18:59:19","modified_gmt":"2026-03-15T18:59:19","slug":"mario-delgado-convoca-a-universitarios-a-realizar-su-servicio-social-en-el-inea-y-apoyar-meta-de-alfabetizar-a-cien-mil-personas","status":"publish","type":"post","link":"https:\/\/www.diarionoti7.com.mx\/?p=106353","title":{"rendered":"Mario Delgado Convoca a Universitarios a Realizar Su Servicio Social en El INEA y Apoyar Meta de Alfabetizar a Cien Mil Personas"},"content":{"rendered":"\t\t<div data-elementor-type=\"wp-post\" data-elementor-id=\"106353\" class=\"elementor elementor-106353\">\n\t\t\t\t\t\t\t\t\t<section class=\"elementor-section elementor-top-section elementor-element elementor-element-c09b8f0 elementor-section-boxed elementor-section-height-default elementor-section-height-default\" data-id=\"c09b8f0\" data-element_type=\"section\">\n\t\t\t\t\t\t<div class=\"elementor-container elementor-column-gap-default\">\n\t\t\t\t\t<div class=\"elementor-column elementor-col-100 elementor-top-column elementor-element elementor-element-955a561\" data-id=\"955a561\" data-element_type=\"column\">\n\t\t\t<div class=\"elementor-widget-wrap elementor-element-populated\">\n\t\t\t\t\t\t\t\t<div class=\"elementor-element elementor-element-0ce869c elementor-widget elementor-widget-text-editor\" data-id=\"0ce869c\" data-element_type=\"widget\" data-widget_type=\"text-editor.default\">\n\t\t\t\t<div class=\"elementor-widget-container\">\n\t\t\t<style>\/*! elementor - v3.10.2 - 29-01-2023 *\/\n.elementor-widget-text-editor.elementor-drop-cap-view-stacked .elementor-drop-cap{background-color:#818a91;color:#fff}.elementor-widget-text-editor.elementor-drop-cap-view-framed .elementor-drop-cap{color:#818a91;border:3px solid;background-color:transparent}.elementor-widget-text-editor:not(.elementor-drop-cap-view-default) .elementor-drop-cap{margin-top:8px}.elementor-widget-text-editor:not(.elementor-drop-cap-view-default) .elementor-drop-cap-letter{width:1em;height:1em}.elementor-widget-text-editor .elementor-drop-cap{float:left;text-align:center;line-height:1;font-size:50px}.elementor-widget-text-editor .elementor-drop-cap-letter{display:inline-block}<\/style>\t\t\t\t<p>Ciudad de M\u00e9xico 14 de marzo de 2026.- El secretario de Educaci\u00f3n P\u00fablica, Mario Delgado Carrillo, se\u00f1al\u00f3 que el gobierno de la Presidenta Claudia Sheinbaum Pardo impulsa un esfuerzo nacional de alfabetizaci\u00f3n con el apoyo de universidades e instituciones de Educaci\u00f3n Superior para reducir el analfabetismo a un nivel de entre 3.8 y 3.5 por ciento al t\u00e9rmino del sexenio, lo que consolidar\u00e1, de manera decisiva, la tarea iniciada hace 105 a\u00f1os para garantizar el derecho a la educaci\u00f3n.<\/p><p>Durante la firma del Convenio de colaboraci\u00f3n SEP\u2013INEA\u2013ANUIES, en el Sal\u00f3n Iberoamericano del edificio sede de la dependencia, el titular de la SEP subray\u00f3 que se pretende sumar a estudiantes universitarios a esta misi\u00f3n educativa mediante su servicio social. Indic\u00f3 que la meta es llegar a 100 mil personas alfabetizadas al a\u00f1o, al promover que cada estudiante ense\u00f1e a leer y escribir al menos a una persona como parte de su formaci\u00f3n profesional.<\/p><p>Afirm\u00f3 que alfabetizar no solo significa ense\u00f1ar letras, tambi\u00e9n implica aprender a pensar la realidad y nombrar el mundo, adem\u00e1s de abrir oportunidades para que las personas puedan leer una indicaci\u00f3n, comprender una receta m\u00e9dica, consultar informaci\u00f3n o acompa\u00f1ar a sus hijas e hijos en su educaci\u00f3n. Destac\u00f3 que este proceso representa un acto de justicia social y un elemento fundamental para fortalecer la democracia.<\/p><p>Asimismo, explic\u00f3 que la participaci\u00f3n de j\u00f3venes universitarios permitir\u00e1 transformar el sentido del servicio social al convertirlo en una experiencia formativa que fortalezca la responsabilidad comunitaria y el humanismo. Sostuvo que el conocimiento adquirido en las aulas cobra pleno sentido cuando se comparte con la sociedad, especialmente con quienes hist\u00f3ricamente han tenido menos acceso a la educaci\u00f3n.<\/p>\t\t\t\t\t\t<\/div>\n\t\t\t\t<\/div>\n\t\t\t\t\t<\/div>\n\t\t<\/div>\n\t\t\t\t\t\t\t<\/div>\n\t\t<\/section>\n\t\t\t\t\t\t\t<\/div>\n\t\t","protected":false},"excerpt":{"rendered":"<p>Ciudad de M\u00e9xico 14 de marzo de 2026.- El secretario de Educaci\u00f3n P\u00fablica, Mario Delgado Carrillo, se\u00f1al\u00f3 que el gobierno de la Presidenta Claudia Sheinbaum Pardo impulsa un esfuerzo nacional de alfabetizaci\u00f3n con el apoyo de universidades e instituciones de Educaci\u00f3n Superior para reducir el analfabetismo a un nivel de entre 3.8 y 3.5 por [&hellip;]<\/p>\n","protected":false},"author":1,"featured_media":106355,"comment_status":"closed","ping_status":"closed","sticky":false,"template":"","format":"standard","meta":[],"categories":[4],"tags":[],"_links":{"self":[{"href":"https:\/\/www.diarionoti7.com.mx\/index.php?rest_route=\/wp\/v2\/posts\/106353"}],"collection":[{"href":"https:\/\/www.diarionoti7.com.mx\/index.php?rest_route=\/wp\/v2\/posts"}],"about":[{"href":"https:\/\/www.diarionoti7.com.mx\/index.php?rest_route=\/wp\/v2\/types\/post"}],"author":[{"embeddable":true,"href":"https:\/\/www.diarionoti7.com.mx\/index.php?rest_route=\/wp\/v2\/users\/1"}],"replies":[{"embeddable":true,"href":"https:\/\/www.diarionoti7.com.mx\/index.php?rest_route=%2Fwp%2Fv2%2Fcomments&post=106353"}],"version-history":[{"count":4,"href":"https:\/\/www.diarionoti7.com.mx\/index.php?rest_route=\/wp\/v2\/posts\/106353\/revisions"}],"predecessor-version":[{"id":106358,"href":"https:\/\/www.diarionoti7.com.mx\/index.php?rest_route=\/wp\/v2\/posts\/106353\/revisions\/106358"}],"wp:featuredmedia":[{"embeddable":true,"href":"https:\/\/www.diarionoti7.com.mx\/index.php?rest_route=\/wp\/v2\/media\/106355"}],"wp:attachment":[{"href":"https:\/\/www.diarionoti7.com.mx\/index.php?rest_route=%2Fwp%2Fv2%2Fmedia&parent=106353"}],"wp:term":[{"taxonomy":"category","embeddable":true,"href":"https:\/\/www.diarionoti7.com.mx\/index.php?rest_route=%2Fwp%2Fv2%2Fcategories&post=106353"},{"taxonomy":"post_tag","embeddable":true,"href":"https:\/\/www.diarionoti7.com.mx\/index.php?rest_route=%2Fwp%2Fv2%2Ftags&post=106353"}],"curies":[{"name":"wp","href":"https:\/\/api.w.org\/{rel}","templated":true}]}}