{"id":106347,"date":"2026-03-15T08:57:09","date_gmt":"2026-03-15T08:57:09","guid":{"rendered":"https:\/\/www.diarionoti7.com.mx\/?p=106347"},"modified":"2026-03-15T18:57:57","modified_gmt":"2026-03-15T18:57:57","slug":"utt-firma-convenio-academico-con-tecnologico-de-atitalaquia","status":"publish","type":"post","link":"https:\/\/www.diarionoti7.com.mx\/?p=106347","title":{"rendered":"UTT Firma Convenio Acad\u00e9mico Con Tecnol\u00f3gico de Atitalaquia"},"content":{"rendered":"\t\t<div data-elementor-type=\"wp-post\" data-elementor-id=\"106347\" class=\"elementor elementor-106347\">\n\t\t\t\t\t\t\t\t\t<section class=\"elementor-section elementor-top-section elementor-element elementor-element-c09b8f0 elementor-section-boxed elementor-section-height-default elementor-section-height-default\" data-id=\"c09b8f0\" data-element_type=\"section\">\n\t\t\t\t\t\t<div class=\"elementor-container elementor-column-gap-default\">\n\t\t\t\t\t<div class=\"elementor-column elementor-col-100 elementor-top-column elementor-element elementor-element-955a561\" data-id=\"955a561\" data-element_type=\"column\">\n\t\t\t<div class=\"elementor-widget-wrap elementor-element-populated\">\n\t\t\t\t\t\t\t\t<div class=\"elementor-element elementor-element-0ce869c elementor-widget elementor-widget-text-editor\" data-id=\"0ce869c\" data-element_type=\"widget\" data-widget_type=\"text-editor.default\">\n\t\t\t\t<div class=\"elementor-widget-container\">\n\t\t\t<style>\/*! elementor - v3.10.2 - 29-01-2023 *\/\n.elementor-widget-text-editor.elementor-drop-cap-view-stacked .elementor-drop-cap{background-color:#818a91;color:#fff}.elementor-widget-text-editor.elementor-drop-cap-view-framed .elementor-drop-cap{color:#818a91;border:3px solid;background-color:transparent}.elementor-widget-text-editor:not(.elementor-drop-cap-view-default) .elementor-drop-cap{margin-top:8px}.elementor-widget-text-editor:not(.elementor-drop-cap-view-default) .elementor-drop-cap-letter{width:1em;height:1em}.elementor-widget-text-editor .elementor-drop-cap{float:left;text-align:center;line-height:1;font-size:50px}.elementor-widget-text-editor .elementor-drop-cap-letter{display:inline-block}<\/style>\t\t\t\t<p><strong>-La alianza permitir\u00e1 desarrollar proyectos conjuntos y fortalecer la vinculaci\u00f3n con el sector productivo.<\/strong><\/p><p><strong>Pachuca, Hgo., 14 de marzo de 2026.-<\/strong>La Universidad Tecnol\u00f3gica de Tulancingo y el Instituto Tecnol\u00f3gico de Atitalaquia firmaron un convenio de colaboraci\u00f3n para desarrollar proyectos conjuntos en beneficio de estudiantes, docentes y del desarrollo regional, con lo que se fortalecer\u00e1n la formaci\u00f3n acad\u00e9mica, la investigaci\u00f3n aplicada y la vinculaci\u00f3n con el sector productivo.<\/p><p>El acuerdo establece las bases para impulsar iniciativas acad\u00e9micas, cient\u00edficas y tecnol\u00f3gicas, as\u00ed como talleres, actividades de mejora acad\u00e9mica, proyectos colaborativos y estrategias que favorezcan la transici\u00f3n hacia la educaci\u00f3n superior. Tambi\u00e9n promover\u00e1 la profesionalizaci\u00f3n docente y el intercambio de experiencias entre ambas comunidades educativas.<\/p><p>En representaci\u00f3n del secretario de Educaci\u00f3n P\u00fablica de Hidalgo, Natividad Castrej\u00f3n Valdez, el subsecretario de Educaci\u00f3n Media Superior y Superior, Daniel Fragoso Torres, particip\u00f3 como testigo de honor y destac\u00f3 la importancia de fomentar alianzas estrat\u00e9gicas entre instituciones educativas para impulsar una educaci\u00f3n superior pertinente y vinculada al desarrollo regional.<\/p><p>Adem\u00e1s del impacto acad\u00e9mico, la colaboraci\u00f3n ampliar\u00e1 la vinculaci\u00f3n con el sector productivo, ya que ambas instituciones mantienen relaci\u00f3n con empresas e industrias de la regi\u00f3n. El Instituto Tecnol\u00f3gico de Atitalaquia, ubicado en una zona de importante actividad industrial, permitir\u00e1 generar m\u00e1s oportunidades para que estudiantes participen en proyectos de innovaci\u00f3n, pr\u00e1cticas profesionales y estad\u00edas.<\/p>\t\t\t\t\t\t<\/div>\n\t\t\t\t<\/div>\n\t\t\t\t\t<\/div>\n\t\t<\/div>\n\t\t\t\t\t\t\t<\/div>\n\t\t<\/section>\n\t\t\t\t\t\t\t<\/div>\n\t\t","protected":false},"excerpt":{"rendered":"<p>-La alianza permitir\u00e1 desarrollar proyectos conjuntos y fortalecer la vinculaci\u00f3n con el sector productivo. Pachuca, Hgo., 14 de marzo de 2026.-La Universidad Tecnol\u00f3gica de Tulancingo y el Instituto Tecnol\u00f3gico de Atitalaquia firmaron un convenio de colaboraci\u00f3n para desarrollar proyectos conjuntos en beneficio de estudiantes, docentes y del desarrollo regional, con lo que se fortalecer\u00e1n la [&hellip;]<\/p>\n","protected":false},"author":1,"featured_media":106349,"comment_status":"closed","ping_status":"closed","sticky":false,"template":"","format":"standard","meta":[],"categories":[4],"tags":[],"_links":{"self":[{"href":"https:\/\/www.diarionoti7.com.mx\/index.php?rest_route=\/wp\/v2\/posts\/106347"}],"collection":[{"href":"https:\/\/www.diarionoti7.com.mx\/index.php?rest_route=\/wp\/v2\/posts"}],"about":[{"href":"https:\/\/www.diarionoti7.com.mx\/index.php?rest_route=\/wp\/v2\/types\/post"}],"author":[{"embeddable":true,"href":"https:\/\/www.diarionoti7.com.mx\/index.php?rest_route=\/wp\/v2\/users\/1"}],"replies":[{"embeddable":true,"href":"https:\/\/www.diarionoti7.com.mx\/index.php?rest_route=%2Fwp%2Fv2%2Fcomments&post=106347"}],"version-history":[{"count":4,"href":"https:\/\/www.diarionoti7.com.mx\/index.php?rest_route=\/wp\/v2\/posts\/106347\/revisions"}],"predecessor-version":[{"id":106352,"href":"https:\/\/www.diarionoti7.com.mx\/index.php?rest_route=\/wp\/v2\/posts\/106347\/revisions\/106352"}],"wp:featuredmedia":[{"embeddable":true,"href":"https:\/\/www.diarionoti7.com.mx\/index.php?rest_route=\/wp\/v2\/media\/106349"}],"wp:attachment":[{"href":"https:\/\/www.diarionoti7.com.mx\/index.php?rest_route=%2Fwp%2Fv2%2Fmedia&parent=106347"}],"wp:term":[{"taxonomy":"category","embeddable":true,"href":"https:\/\/www.diarionoti7.com.mx\/index.php?rest_route=%2Fwp%2Fv2%2Fcategories&post=106347"},{"taxonomy":"post_tag","embeddable":true,"href":"https:\/\/www.diarionoti7.com.mx\/index.php?rest_route=%2Fwp%2Fv2%2Ftags&post=106347"}],"curies":[{"name":"wp","href":"https:\/\/api.w.org\/{rel}","templated":true}]}}