{"id":106335,"date":"2026-03-15T08:52:13","date_gmt":"2026-03-15T08:52:13","guid":{"rendered":"https:\/\/www.diarionoti7.com.mx\/?p=106335"},"modified":"2026-03-15T18:55:50","modified_gmt":"2026-03-15T18:55:50","slug":"trombonista-aire-puro-en-la-sinfonica-hidalguense","status":"publish","type":"post","link":"https:\/\/www.diarionoti7.com.mx\/?p=106335","title":{"rendered":"Trombonista: Aire Puro en la Sinf\u00f3nica Hidalguense"},"content":{"rendered":"\t\t<div data-elementor-type=\"wp-post\" data-elementor-id=\"106335\" class=\"elementor elementor-106335\">\n\t\t\t\t\t\t\t\t\t<section class=\"elementor-section elementor-top-section elementor-element elementor-element-c09b8f0 elementor-section-boxed elementor-section-height-default elementor-section-height-default\" data-id=\"c09b8f0\" data-element_type=\"section\">\n\t\t\t\t\t\t<div class=\"elementor-container elementor-column-gap-default\">\n\t\t\t\t\t<div class=\"elementor-column elementor-col-100 elementor-top-column elementor-element elementor-element-955a561\" data-id=\"955a561\" data-element_type=\"column\">\n\t\t\t<div class=\"elementor-widget-wrap elementor-element-populated\">\n\t\t\t\t\t\t\t\t<div class=\"elementor-element elementor-element-0ce869c elementor-widget elementor-widget-text-editor\" data-id=\"0ce869c\" data-element_type=\"widget\" data-widget_type=\"text-editor.default\">\n\t\t\t\t<div class=\"elementor-widget-container\">\n\t\t\t<style>\/*! elementor - v3.10.2 - 29-01-2023 *\/\n.elementor-widget-text-editor.elementor-drop-cap-view-stacked .elementor-drop-cap{background-color:#818a91;color:#fff}.elementor-widget-text-editor.elementor-drop-cap-view-framed .elementor-drop-cap{color:#818a91;border:3px solid;background-color:transparent}.elementor-widget-text-editor:not(.elementor-drop-cap-view-default) .elementor-drop-cap{margin-top:8px}.elementor-widget-text-editor:not(.elementor-drop-cap-view-default) .elementor-drop-cap-letter{width:1em;height:1em}.elementor-widget-text-editor .elementor-drop-cap{float:left;text-align:center;line-height:1;font-size:50px}.elementor-widget-text-editor .elementor-drop-cap-letter{display:inline-block}<\/style>\t\t\t\t<p><strong>-Originario de Mineral del Chico, Felipe Corona da armon\u00eda a Banda Sinf\u00f3nica del Estado de Hidalgo<\/strong><\/p><p><strong>Pachuca, Hgo., 14 de marzo de 2026.-<\/strong>Entre el aire puro de monta\u00f1a, que golpea con suavidad las hojas de encinos, pinos y oyameles, surge la inquietud de revertir el silencio para crear un estilo de vida. A m\u00e1s de 2,470 metros sobre el nivel del mar se ubica Capula, localidad que vio nacer a Felipe Corona Herrera, uno de los trombonistas m\u00e1s destacados de Hidalgo.<\/p><p>Inspirado por el aroma del bosque y por las historias mineras que ilustran las tradiciones de Mineral del Chico, Felipe creci\u00f3 entre melod\u00edas que marcaron su camino. Hoy ocupa un lugar especial dentro de la Banda Sinf\u00f3nica del Estado de Hidalgo, una de las agrupaciones m\u00e1s longevas de M\u00e9xico, fundada en 1901.<\/p><p>Con m\u00e1s de 20 a\u00f1os de trayectoria, a Corona Herrera le toc\u00f3 conmemorar los 100 a\u00f1os de la banda y ahora se prepara para celebrar sus 125 a\u00f1os con un magno concierto el pr\u00f3ximo 21 de marzo en el emblem\u00e1tico Palacio de Bellas Artes, dentro de su majestuosa Sala Principal, escenario reservado solo para grandes m\u00fasicos y orquestas.<\/p><p>\u201cLos momentos m\u00e1s grandes que he tenido aqu\u00ed\u2026 seguramente me toc\u00f3 vivir los 100 a\u00f1os tambi\u00e9n de la Banda Sinf\u00f3nica (\u2026) y ahora, doblemente, el 125, pues es todav\u00eda m\u00e1s\u201d, comparti\u00f3 el m\u00fasico.<\/p><p>La ilusi\u00f3n de pertenecer a este proyecto musical surgi\u00f3 mientras escuchaba las interpretaciones de la banda, que lo inspiraron a dejar su comunidad, amigos y familia para perseguir sus sue\u00f1os.<\/p><p>\u201cEn nuestras comunidades, los que somos de un lugar lejano, cuando escuchamos la Banda Sinf\u00f3nica o escuchamos hablar de ella, es un privilegio primero escucharla, saber que existe y, m\u00e1s a\u00fan, pertenecer a ella, pues es doblemente orgulloso\u201d, expres\u00f3 Corona Herrera.<\/p><p>A lo largo de los a\u00f1os, Corona Herrera ha compartido experiencias con m\u00e1s de 40 m\u00fasicos que integran la Banda Sinf\u00f3nica y recuerda con cari\u00f1o la primera aparici\u00f3n de la agrupaci\u00f3n en el Palacio de Bellas Artes. Tambi\u00e9n ha llevado la m\u00fasica y la cultura hidalguense a diversas comunidades del estado y del pa\u00eds, mostrando la riqueza art\u00edstica de Hidalgo.<\/p><p>Comparti\u00f3 la emoci\u00f3n que siente por celebrar los 125 a\u00f1os de la Banda Sinf\u00f3nica, as\u00ed como el amplio repertorio que tocar\u00e1 esta agrupaci\u00f3n hidalguense en uno de los foros m\u00e1s importantes del pa\u00eds.<\/p><p>\u201cDe Hidalgo vamos a llevar m\u00fasica del gran compositor Abundio Mart\u00ednez, cuyo repertorio que nos dej\u00f3 este gran maestro, afortunadamente, es muy extenso. Vamos a interpretar algunas de sus piezas m\u00e1s famosas, como sus valses, y tambi\u00e9n m\u00fasica hidalguense: m\u00fasica que se toca en la sierra, pero adaptada en arreglos para banda sinf\u00f3nica\u201d, a\u00f1adi\u00f3 el trombonista.<\/p><p>Finalmente, reconoci\u00f3 el apoyo del gobernador Julio Menchaca en favor de las artes en Hidalgo: \u201cSu labor ha sido fundamental para que agrupaciones como la Banda Sinf\u00f3nica puedan salir adelante y equiparse adecuadamente; otras agrupaciones tambi\u00e9n se benefician de este apoyo, fortaleciendo as\u00ed la m\u00fasica y la cultura en la entidad\u201d.<\/p>\t\t\t\t\t\t<\/div>\n\t\t\t\t<\/div>\n\t\t\t\t\t<\/div>\n\t\t<\/div>\n\t\t\t\t\t\t\t<\/div>\n\t\t<\/section>\n\t\t\t\t\t\t\t<\/div>\n\t\t","protected":false},"excerpt":{"rendered":"<p>-Originario de Mineral del Chico, Felipe Corona da armon\u00eda a Banda Sinf\u00f3nica del Estado de Hidalgo Pachuca, Hgo., 14 de marzo de 2026.-Entre el aire puro de monta\u00f1a, que golpea con suavidad las hojas de encinos, pinos y oyameles, surge la inquietud de revertir el silencio para crear un estilo de vida. A m\u00e1s de [&hellip;]<\/p>\n","protected":false},"author":1,"featured_media":106337,"comment_status":"closed","ping_status":"closed","sticky":false,"template":"","format":"standard","meta":[],"categories":[4],"tags":[],"_links":{"self":[{"href":"https:\/\/www.diarionoti7.com.mx\/index.php?rest_route=\/wp\/v2\/posts\/106335"}],"collection":[{"href":"https:\/\/www.diarionoti7.com.mx\/index.php?rest_route=\/wp\/v2\/posts"}],"about":[{"href":"https:\/\/www.diarionoti7.com.mx\/index.php?rest_route=\/wp\/v2\/types\/post"}],"author":[{"embeddable":true,"href":"https:\/\/www.diarionoti7.com.mx\/index.php?rest_route=\/wp\/v2\/users\/1"}],"replies":[{"embeddable":true,"href":"https:\/\/www.diarionoti7.com.mx\/index.php?rest_route=%2Fwp%2Fv2%2Fcomments&post=106335"}],"version-history":[{"count":4,"href":"https:\/\/www.diarionoti7.com.mx\/index.php?rest_route=\/wp\/v2\/posts\/106335\/revisions"}],"predecessor-version":[{"id":106340,"href":"https:\/\/www.diarionoti7.com.mx\/index.php?rest_route=\/wp\/v2\/posts\/106335\/revisions\/106340"}],"wp:featuredmedia":[{"embeddable":true,"href":"https:\/\/www.diarionoti7.com.mx\/index.php?rest_route=\/wp\/v2\/media\/106337"}],"wp:attachment":[{"href":"https:\/\/www.diarionoti7.com.mx\/index.php?rest_route=%2Fwp%2Fv2%2Fmedia&parent=106335"}],"wp:term":[{"taxonomy":"category","embeddable":true,"href":"https:\/\/www.diarionoti7.com.mx\/index.php?rest_route=%2Fwp%2Fv2%2Fcategories&post=106335"},{"taxonomy":"post_tag","embeddable":true,"href":"https:\/\/www.diarionoti7.com.mx\/index.php?rest_route=%2Fwp%2Fv2%2Ftags&post=106335"}],"curies":[{"name":"wp","href":"https:\/\/api.w.org\/{rel}","templated":true}]}}