{"id":106329,"date":"2026-03-15T08:50:32","date_gmt":"2026-03-15T08:50:32","guid":{"rendered":"https:\/\/www.diarionoti7.com.mx\/?p=106329"},"modified":"2026-03-15T18:51:58","modified_gmt":"2026-03-15T18:51:58","slug":"decimo-cuarta-edicion-del-festival-toltequinox-20-y-21-de-marzo-2026-en-tula","status":"publish","type":"post","link":"https:\/\/www.diarionoti7.com.mx\/?p=106329","title":{"rendered":"D\u00e9cimo Cuarta Edici\u00f3n del Festival Toltequinox 20 y 21 de Marzo 2026 en Tula"},"content":{"rendered":"\t\t<div data-elementor-type=\"wp-post\" data-elementor-id=\"106329\" class=\"elementor elementor-106329\">\n\t\t\t\t\t\t\t\t\t<section class=\"elementor-section elementor-top-section elementor-element elementor-element-c09b8f0 elementor-section-boxed elementor-section-height-default elementor-section-height-default\" data-id=\"c09b8f0\" data-element_type=\"section\">\n\t\t\t\t\t\t<div class=\"elementor-container elementor-column-gap-default\">\n\t\t\t\t\t<div class=\"elementor-column elementor-col-100 elementor-top-column elementor-element elementor-element-955a561\" data-id=\"955a561\" data-element_type=\"column\">\n\t\t\t<div class=\"elementor-widget-wrap elementor-element-populated\">\n\t\t\t\t\t\t\t\t<div class=\"elementor-element elementor-element-0ce869c elementor-widget elementor-widget-text-editor\" data-id=\"0ce869c\" data-element_type=\"widget\" data-widget_type=\"text-editor.default\">\n\t\t\t\t<div class=\"elementor-widget-container\">\n\t\t\t<style>\/*! elementor - v3.10.2 - 29-01-2023 *\/\n.elementor-widget-text-editor.elementor-drop-cap-view-stacked .elementor-drop-cap{background-color:#818a91;color:#fff}.elementor-widget-text-editor.elementor-drop-cap-view-framed .elementor-drop-cap{color:#818a91;border:3px solid;background-color:transparent}.elementor-widget-text-editor:not(.elementor-drop-cap-view-default) .elementor-drop-cap{margin-top:8px}.elementor-widget-text-editor:not(.elementor-drop-cap-view-default) .elementor-drop-cap-letter{width:1em;height:1em}.elementor-widget-text-editor .elementor-drop-cap{float:left;text-align:center;line-height:1;font-size:50px}.elementor-widget-text-editor .elementor-drop-cap-letter{display:inline-block}<\/style>\t\t\t\t<p><strong>Tula de Allende, Hgo., 14 de marzo 2026.- <\/strong>El municipio de\u00a0Tula de Allende\u00a0anunci\u00f3 la realizaci\u00f3n de la d\u00e9cimo cuarta edici\u00f3n del\u00a0Festival Toltequinox 2026, evento que se llevar\u00e1 a cabo los d\u00edas 20 y 21 de marzo, en el marco de las festividades de la Feria de San Jos\u00e9, con una expectativa de miles de visitantes y una importante derrama econ\u00f3mica para la regi\u00f3n.<\/p><p>La directora de\u00a0Educaci\u00f3n y Cultura, Mar\u00eda Adriana, explic\u00f3 que el festival surgi\u00f3 por iniciativa del gobierno municipal con el objetivo de fortalecer la oferta cultural durante las celebraciones del equinoccio de primavera y las fiestas patronales dedicadas a San Jos\u00e9.<\/p><p>\u201cLa celebraci\u00f3n del Toltequinox se realiza desde el a\u00f1o 2012 y siempre ha sido una iniciativa del gobierno municipal para complementar y fortalecer la experiencia de los visitantes que llegan al municipio, particularmente a la zona arqueol\u00f3gica, para dar la bienvenida al equinoccio y participar en las festividades conmemorativas\u201d.<\/p><p>Destac\u00f3 que con el paso de los a\u00f1os esta festividad se ha consolidado como un referente cultural que impulsa el desarrollo tur\u00edstico del municipio mediante la difusi\u00f3n de danzas, m\u00fasica y rituales que evocan el legado de la cultura tolteca.<\/p><p>El director de\u00a0Turismo municipal,\u00a0Daniel Mu\u00f1oz, explic\u00f3 que estas actividades forman parte de una estrategia para posicionar a\u00a0Tula de Allende\u00a0como un destino tur\u00edstico relevante en la regi\u00f3n.<\/p><p>Indic\u00f3 que el\u00a0Toltequinox 2026, junto con la\u00a0Feria de San Jos\u00e9, podr\u00eda generar una derrama econ\u00f3mica superior a cinco millones de pesos, gracias a la llegada de visitantes provenientes tanto del municipio como de otras regiones del estado y del pa\u00eds.<\/p><p>De acuerdo con las proyecciones del ayuntamiento, el festival del equinoccio tendr\u00e1 una afluencia estimada de m\u00e1s de 8 mil personas durante los dos d\u00edas de actividades, mientras que la Feria de San Jos\u00e9 podr\u00eda reunir a m\u00e1s de 60 mil asistentes, lo que la posiciona como una de las celebraciones m\u00e1s importantes del municipio y del estado.<\/p><p>Las actividades del Toltequinox 2026 se desarrollar\u00e1n en tres sedes principales: el\u00a0Parque Quetzalc\u00f3atl, la\u00a0zona arqueol\u00f3gica de Tula\u00a0y el\u00a0teatro al aire libre del municipio. El programa iniciar\u00e1 el 20 de marzo a las 17:30 horas en el Parque Quetzalc\u00f3atl, con una ceremonia de apertura encabezada por\u00a0Cristina Maturano, encargada de pueblos originarios de la regi\u00f3n.<\/p><p>Posteriormente se presentar\u00e1 una agrupaci\u00f3n musical de inspiraci\u00f3n prehisp\u00e1nica e ind\u00edgena, y la jornada cerrar\u00e1 con la puesta esc\u00e9nica \u201cQuetzalc\u00f3atl, el se\u00f1or de las monta\u00f1as blancas\u201d, que relata las haza\u00f1as y traves\u00edas vinculadas a esta emblem\u00e1tica figura mesoamericana.<\/p><p>Para el 21 de marzo, d\u00eda del equinoccio de primavera, se realizar\u00e1 la tradicional ceremonia prehisp\u00e1nica con danzas en la zona arqueol\u00f3gica, como acto simb\u00f3lico de bienvenida a esta fecha astron\u00f3mica. Ese mismo d\u00eda se llevar\u00e1 a cabo el\u00a0Simposio de Arqueolog\u00eda Tolteca, impartido por el arque\u00f3logo Luis Manuel Gamboa, adem\u00e1s de presentaciones de grupos de danza regional y actividades culturales en distintos puntos del municipio.<\/p><p>Dentro de las actividades del festival se realizar\u00e1 un homenaje p\u00f3stumo al\u00a0arque\u00f3logo Pedro Cardoso Reyes, originario de Tula y figura destacada en la investigaci\u00f3n arqueol\u00f3gica de la regi\u00f3n; tambi\u00e9n la participaci\u00f3n de la Sinf\u00f3nica de San Ildefonso, as\u00ed como la realizaci\u00f3n del tradicional juego de pelota mesoamericano.<\/p><p>La\u00a0Direcci\u00f3n de Salud\u00a0instalar\u00e1 un m\u00f3dulo de atenci\u00f3n al turista, con servicios de hidrataci\u00f3n y primeros auxilios para visitantes.<\/p><p>Cartelera art\u00edstica de la Feria de San Jos\u00e9<\/p><p>En cuanto a la cartelera estelar de la Feria de San Jos\u00e9, se anunci\u00f3 la participaci\u00f3n de\u00a0Espinoza Paz\u00a0el jueves 19 de marzo; Interpuesto y El Perro de la Vecina el viernes 20 de marzo; Arturo Jaimes el s\u00e1bado 21; y La N\u00famero Uno Banda Jerez el domingo 22 de marzo.<\/p><p>\u00a0<\/p>\t\t\t\t\t\t<\/div>\n\t\t\t\t<\/div>\n\t\t\t\t\t<\/div>\n\t\t<\/div>\n\t\t\t\t\t\t\t<\/div>\n\t\t<\/section>\n\t\t\t\t\t\t\t<\/div>\n\t\t","protected":false},"excerpt":{"rendered":"<p>Tula de Allende, Hgo., 14 de marzo 2026.- El municipio de\u00a0Tula de Allende\u00a0anunci\u00f3 la realizaci\u00f3n de la d\u00e9cimo cuarta edici\u00f3n del\u00a0Festival Toltequinox 2026, evento que se llevar\u00e1 a cabo los d\u00edas 20 y 21 de marzo, en el marco de las festividades de la Feria de San Jos\u00e9, con una expectativa de miles de visitantes [&hellip;]<\/p>\n","protected":false},"author":1,"featured_media":106331,"comment_status":"closed","ping_status":"closed","sticky":false,"template":"","format":"standard","meta":[],"categories":[9],"tags":[],"_links":{"self":[{"href":"https:\/\/www.diarionoti7.com.mx\/index.php?rest_route=\/wp\/v2\/posts\/106329"}],"collection":[{"href":"https:\/\/www.diarionoti7.com.mx\/index.php?rest_route=\/wp\/v2\/posts"}],"about":[{"href":"https:\/\/www.diarionoti7.com.mx\/index.php?rest_route=\/wp\/v2\/types\/post"}],"author":[{"embeddable":true,"href":"https:\/\/www.diarionoti7.com.mx\/index.php?rest_route=\/wp\/v2\/users\/1"}],"replies":[{"embeddable":true,"href":"https:\/\/www.diarionoti7.com.mx\/index.php?rest_route=%2Fwp%2Fv2%2Fcomments&post=106329"}],"version-history":[{"count":4,"href":"https:\/\/www.diarionoti7.com.mx\/index.php?rest_route=\/wp\/v2\/posts\/106329\/revisions"}],"predecessor-version":[{"id":106334,"href":"https:\/\/www.diarionoti7.com.mx\/index.php?rest_route=\/wp\/v2\/posts\/106329\/revisions\/106334"}],"wp:featuredmedia":[{"embeddable":true,"href":"https:\/\/www.diarionoti7.com.mx\/index.php?rest_route=\/wp\/v2\/media\/106331"}],"wp:attachment":[{"href":"https:\/\/www.diarionoti7.com.mx\/index.php?rest_route=%2Fwp%2Fv2%2Fmedia&parent=106329"}],"wp:term":[{"taxonomy":"category","embeddable":true,"href":"https:\/\/www.diarionoti7.com.mx\/index.php?rest_route=%2Fwp%2Fv2%2Fcategories&post=106329"},{"taxonomy":"post_tag","embeddable":true,"href":"https:\/\/www.diarionoti7.com.mx\/index.php?rest_route=%2Fwp%2Fv2%2Ftags&post=106329"}],"curies":[{"name":"wp","href":"https:\/\/api.w.org\/{rel}","templated":true}]}}