{"id":106302,"date":"2026-03-14T09:36:40","date_gmt":"2026-03-14T09:36:40","guid":{"rendered":"https:\/\/www.diarionoti7.com.mx\/?p=106302"},"modified":"2026-03-14T18:37:41","modified_gmt":"2026-03-14T18:37:41","slug":"mexico-y-ee-uu-trabajan-en-seguridad-con-respeto-a-soberanias-presidenta-sheinbaum","status":"publish","type":"post","link":"https:\/\/www.diarionoti7.com.mx\/?p=106302","title":{"rendered":"M\u00e9xico y EE. UU. Trabajan en Seguridad Con Respeto a Soberan\u00edas: Presidenta Sheinbaum"},"content":{"rendered":"\t\t<div data-elementor-type=\"wp-post\" data-elementor-id=\"106302\" class=\"elementor elementor-106302\">\n\t\t\t\t\t\t\t\t\t<section class=\"elementor-section elementor-top-section elementor-element elementor-element-c09b8f0 elementor-section-boxed elementor-section-height-default elementor-section-height-default\" data-id=\"c09b8f0\" data-element_type=\"section\">\n\t\t\t\t\t\t<div class=\"elementor-container elementor-column-gap-default\">\n\t\t\t\t\t<div class=\"elementor-column elementor-col-100 elementor-top-column elementor-element elementor-element-955a561\" data-id=\"955a561\" data-element_type=\"column\">\n\t\t\t<div class=\"elementor-widget-wrap elementor-element-populated\">\n\t\t\t\t\t\t\t\t<div class=\"elementor-element elementor-element-0ce869c elementor-widget elementor-widget-text-editor\" data-id=\"0ce869c\" data-element_type=\"widget\" data-widget_type=\"text-editor.default\">\n\t\t\t\t<div class=\"elementor-widget-container\">\n\t\t\t<style>\/*! elementor - v3.10.2 - 29-01-2023 *\/\n.elementor-widget-text-editor.elementor-drop-cap-view-stacked .elementor-drop-cap{background-color:#818a91;color:#fff}.elementor-widget-text-editor.elementor-drop-cap-view-framed .elementor-drop-cap{color:#818a91;border:3px solid;background-color:transparent}.elementor-widget-text-editor:not(.elementor-drop-cap-view-default) .elementor-drop-cap{margin-top:8px}.elementor-widget-text-editor:not(.elementor-drop-cap-view-default) .elementor-drop-cap-letter{width:1em;height:1em}.elementor-widget-text-editor .elementor-drop-cap{float:left;text-align:center;line-height:1;font-size:50px}.elementor-widget-text-editor .elementor-drop-cap-letter{display:inline-block}<\/style>\t\t\t\t<p><strong>Colima, Col 13 de marzo 2026.-<\/strong> Durante un evento de Pensi\u00f3n Mujeres Bienestar en Colima, la Mandataria federal respondi\u00f3 a una publicaci\u00f3n reposteada en redes sociales por el presidente estadounidense,\u00a0<a href=\"https:\/\/www.eluniversal.com.mx\/nacion\/cae-samuel-n-uno-de-los-fugitivos-mas-buscados-por-el-fbi-en-washington-ofrecian-un-mdd-por-informacion-para-capturarlo\/\">Donald Trump<\/a>, quien reposteo un mensaje en el que se cuestiona si\u00a0M\u00e9xico es o no un \u201cnarcogobierno\u201d.<\/p><p>Sheinbaum se\u00f1al\u00f3 que, probablemente, el mandatario estadounidense est\u00e1 bien informado sobre la\u00a0<a href=\"https:\/\/www.eluniversal.com.mx\/nacion\/harfuch-destaca-intercambio-de-datos-con-eu-resalta-decomiso-de-270-kilos-fentanilo-y-detencion-de-lider-de-celula-del-cjng-en-colima\/\">cooperaci\u00f3n bilateral<\/a>\u00a0que actualmente existe entre ambos pa\u00edses en temas de seguridad.<\/p><p><strong>\u00a0<\/strong>En Colima, la presidenta Claudia Sheinbaum Pardo reafirm\u00f3 que los gobiernos de\u00a0M\u00e9xico y Estados Unidos\u00a0colaboran en materia de seguridad, siempre con respeto a nuestra soberan\u00eda. Y \u201cHace unos minutos, el presidente Trump hizo una publicaci\u00f3n en redes sociales relacionada con M\u00e9xico. Estamos trabajando con Estados Unidos para el tema de seguridad, pero hay una condici\u00f3n que siempre hemos puesto, porque podemos colaborar, trabajar juntos, pero hay algo por lo que hemos luchado toda nuestra vida: soberan\u00eda. Y esa no est\u00e1 a negociaci\u00f3n.\u201d<\/p><p>En el municipio de Tecom\u00e1n, la mandataria anunci\u00f3 que el gobierno federal\u00a0construir\u00e1 un nuevo hospital del IMSS\u00a0en Manzanillo y record\u00f3 que con la llegada la primera mujer presidenta de M\u00e9xico, el gobierno federal apoya a las mujeres con\u00a0pensi\u00f3n bimestral a colimenses\u00a0de 60 a 64 a\u00f1os.<\/p><p>\u201c\u00bfQu\u00e9 es la Pensi\u00f3n Mujeres Bienestar? Justicia. Es justicia para las mujeres mexicanas, ha habido muchos a\u00f1os de desigualdad.\u201d<\/p><p>Adem\u00e1s, los gobiernos de la\u00a0Cuarta Transformaci\u00f3n\u00a0garantizan derechos como vivienda, salud, becas, m\u00e1s escuelas y hospitales.<\/p><p>\u201cTenemos un gran pueblo, por eso los presidentes, la presidenta, lo que desea es estar a la altura del pueblo de M\u00e9xico que es grandioso.\u201d<\/p><p>La jefa del Ejecutivo federal entreg\u00f3 tarjetas del programa Pensi\u00f3n Mujeres Bienestar a las derechohabientes Amelia Pano Regalado, Mar\u00eda del Roc\u00edo Hern\u00e1ndez Ram\u00edrez y Yolanda Mendoza Armenta.<\/p><p>Acompa\u00f1aron a la presidenta: la gobernadora de Colima, Indira Vizca\u00edno Silva; las secretarias de Bienestar, Ariadna Montiel Reyes; de las Mujeres, Citlalli Hern\u00e1ndez Mora; el coordinador general de Programas para el Desarrollo, Carlos Torres Rosas; y el presidente municipal de Tecom\u00e1n, Armando Reyna Maga\u00f1a.<\/p>\t\t\t\t\t\t<\/div>\n\t\t\t\t<\/div>\n\t\t\t\t\t<\/div>\n\t\t<\/div>\n\t\t\t\t\t\t\t<\/div>\n\t\t<\/section>\n\t\t\t\t\t\t\t<\/div>\n\t\t","protected":false},"excerpt":{"rendered":"<p>Colima, Col 13 de marzo 2026.- Durante un evento de Pensi\u00f3n Mujeres Bienestar en Colima, la Mandataria federal respondi\u00f3 a una publicaci\u00f3n reposteada en redes sociales por el presidente estadounidense,\u00a0Donald Trump, quien reposteo un mensaje en el que se cuestiona si\u00a0M\u00e9xico es o no un \u201cnarcogobierno\u201d. Sheinbaum se\u00f1al\u00f3 que, probablemente, el mandatario estadounidense est\u00e1 bien [&hellip;]<\/p>\n","protected":false},"author":1,"featured_media":106304,"comment_status":"closed","ping_status":"closed","sticky":false,"template":"","format":"standard","meta":[],"categories":[3],"tags":[],"_links":{"self":[{"href":"https:\/\/www.diarionoti7.com.mx\/index.php?rest_route=\/wp\/v2\/posts\/106302"}],"collection":[{"href":"https:\/\/www.diarionoti7.com.mx\/index.php?rest_route=\/wp\/v2\/posts"}],"about":[{"href":"https:\/\/www.diarionoti7.com.mx\/index.php?rest_route=\/wp\/v2\/types\/post"}],"author":[{"embeddable":true,"href":"https:\/\/www.diarionoti7.com.mx\/index.php?rest_route=\/wp\/v2\/users\/1"}],"replies":[{"embeddable":true,"href":"https:\/\/www.diarionoti7.com.mx\/index.php?rest_route=%2Fwp%2Fv2%2Fcomments&post=106302"}],"version-history":[{"count":4,"href":"https:\/\/www.diarionoti7.com.mx\/index.php?rest_route=\/wp\/v2\/posts\/106302\/revisions"}],"predecessor-version":[{"id":106307,"href":"https:\/\/www.diarionoti7.com.mx\/index.php?rest_route=\/wp\/v2\/posts\/106302\/revisions\/106307"}],"wp:featuredmedia":[{"embeddable":true,"href":"https:\/\/www.diarionoti7.com.mx\/index.php?rest_route=\/wp\/v2\/media\/106304"}],"wp:attachment":[{"href":"https:\/\/www.diarionoti7.com.mx\/index.php?rest_route=%2Fwp%2Fv2%2Fmedia&parent=106302"}],"wp:term":[{"taxonomy":"category","embeddable":true,"href":"https:\/\/www.diarionoti7.com.mx\/index.php?rest_route=%2Fwp%2Fv2%2Fcategories&post=106302"},{"taxonomy":"post_tag","embeddable":true,"href":"https:\/\/www.diarionoti7.com.mx\/index.php?rest_route=%2Fwp%2Fv2%2Ftags&post=106302"}],"curies":[{"name":"wp","href":"https:\/\/api.w.org\/{rel}","templated":true}]}}