{"id":106296,"date":"2026-03-14T09:35:03","date_gmt":"2026-03-14T09:35:03","guid":{"rendered":"https:\/\/www.diarionoti7.com.mx\/?p=106296"},"modified":"2026-03-14T18:36:28","modified_gmt":"2026-03-14T18:36:28","slug":"rocio-barcena-informo-que-la-segob-trabaja-en-colima-en-la-atencion-a-las-causas","status":"publish","type":"post","link":"https:\/\/www.diarionoti7.com.mx\/?p=106296","title":{"rendered":"Roc\u00edo B\u00e1rcena, Inform\u00f3 que la SEGOB Trabaja en Colima en la Atenci\u00f3n a las Causas"},"content":{"rendered":"\t\t<div data-elementor-type=\"wp-post\" data-elementor-id=\"106296\" class=\"elementor elementor-106296\">\n\t\t\t\t\t\t\t\t\t<section class=\"elementor-section elementor-top-section elementor-element elementor-element-c09b8f0 elementor-section-boxed elementor-section-height-default elementor-section-height-default\" data-id=\"c09b8f0\" data-element_type=\"section\">\n\t\t\t\t\t\t<div class=\"elementor-container elementor-column-gap-default\">\n\t\t\t\t\t<div class=\"elementor-column elementor-col-100 elementor-top-column elementor-element elementor-element-955a561\" data-id=\"955a561\" data-element_type=\"column\">\n\t\t\t<div class=\"elementor-widget-wrap elementor-element-populated\">\n\t\t\t\t\t\t\t\t<div class=\"elementor-element elementor-element-0ce869c elementor-widget elementor-widget-text-editor\" data-id=\"0ce869c\" data-element_type=\"widget\" data-widget_type=\"text-editor.default\">\n\t\t\t\t<div class=\"elementor-widget-container\">\n\t\t\t<style>\/*! elementor - v3.10.2 - 29-01-2023 *\/\n.elementor-widget-text-editor.elementor-drop-cap-view-stacked .elementor-drop-cap{background-color:#818a91;color:#fff}.elementor-widget-text-editor.elementor-drop-cap-view-framed .elementor-drop-cap{color:#818a91;border:3px solid;background-color:transparent}.elementor-widget-text-editor:not(.elementor-drop-cap-view-default) .elementor-drop-cap{margin-top:8px}.elementor-widget-text-editor:not(.elementor-drop-cap-view-default) .elementor-drop-cap-letter{width:1em;height:1em}.elementor-widget-text-editor .elementor-drop-cap{float:left;text-align:center;line-height:1;font-size:50px}.elementor-widget-text-editor .elementor-drop-cap-letter{display:inline-block}<\/style>\t\t\t\t<p><strong>Ciudad de M\u00e9xico, a 13 de marzo de 2026.-<\/strong> Durante La Conferencia del Pueblo, Realizada en El Estado de Colima<strong>, <\/strong>Roci\u00f3 B\u00e1rcena Molina La Subsecretaria De Desarrollo Democr\u00e1tico Y Participaci\u00f3n Social De La SEGOB<strong>, <\/strong>informo las actividades realizadas en Colima, como parte del eje de Atenci\u00f3n a las Causas.<\/p><p>Informo que las Mesas de Paz sesionaron, tanto en el estado como en sus dos regiones, con autoridades de los tres \u00f3rdenes de gobierno.<\/p><p>Destac\u00f3 que la gobernadora del estado, Indira Vizca\u00edno Silva, encabez\u00f3 las sesiones de la Mesa Estatal, mientras las Mesas Regionales se coordinaron con los representantes de los gobiernos federal, estatal y municipales y a la fecha se han realizado 54 Jornadas por la Paz, en la que participaron 8 mil personas.<\/p><p>Tambi\u00e9n que se impartieron clases de box y se efectu\u00f3 la carrera \u201cPonte Pila\u201d, el Mundialito y exhibici\u00f3n de nuestras tradiciones.<\/p><p>Se llevaron a cabo asambleas de mujeres, jornadas de alfabetizaci\u00f3n y difusi\u00f3n de la\u00a0<em>Cartilla de los Derechos de la Mujer<\/em>.<\/p><p>En noviembre del a\u00f1o pasado se instalaron 11 Consejos de Paz y Justicia C\u00edvica, instrumentos para la resoluci\u00f3n pac\u00edfica de los conflictos.<\/p><p>Como Gobierno Federal, impulsamos acciones en dos municipios prioritarios: Colima y Manzanillo.<\/p><p>Aqu\u00ed est\u00e1n los resultados que obtuvimos en Colima en cuanto a servicios y tr\u00e1mites, visitas, colonias, ferias y espacios recuperados.<\/p><p>En Manzanillo logramos brindar m\u00e1s de 19 mil 602 tr\u00e1mites y servicios, visitando 14 mil casas. Y ah\u00ed est\u00e1n los datos de las colonias, y los comit\u00e9s y las ferias.<\/p><p>Tenemos, como resultados generales en todo el estado: 39 mil 406 servicios y tr\u00e1mites, es decir, resueltos en el momento en que las personas nos acompa\u00f1an a las ferias o a las jornadas, ah\u00ed mismo se les da soluci\u00f3n, Visitamos en total 25 colonias. Formamos 24 Comit\u00e9s de Paz.Recuperamos 9 espacios.Y 26 mil 120 hogares fueron atendidos por nosotros.<\/p><p>Decir que en \u201cS\u00ed al Desarme y S\u00ed a la Paz\u201d, una campa\u00f1a impulsada desde la Presidencia, junto con la Secretar\u00eda de la Defensa Nacional y la Iglesia, del 1\u00ba de octubre del 24 a la fecha, hemos canjeado de forma an\u00f3nima: 58 armas de fuego por dinero.<\/p><p>Y a la vez, impulsamos la creaci\u00f3n de una nueva cultura en la infancia \u2014porque infancia es destino\u2014 con el cambio de juguetes b\u00e9licos por juguetes recreativos.<\/p><p>finalmente informo, que J\u00f3venes Transformando M\u00e9xico llega \u2014por instrucciones de nuestra Presidenta\u2014 con sus nuevos programas aqu\u00ed, donde se ampliar\u00e1n 3 planteles de Bachillerato Tecnol\u00f3gico y se construir\u00e1n 7 nuevos Bachilleratos Nacionales \u201cMargarita Maza\u201d. Con esto, lograremos 2 mil 805 lugares m\u00e1s para los j\u00f3venes colime\u00f1os.<\/p><p>Tambi\u00e9n se construir\u00e1n 2 Centros Comunitarios de \u201cM\u00e9xico Imparable\u201d y se pondr\u00e1n en marcha los programas \u201cReconecta con la Paz\u201d y \u201cJ\u00f3venes Unen al Barrio\u201d.<\/p><p>Este mes en Colima y en Manzanillo ya, la Conade llev\u00f3 a cabo Torneo Nacional de Futbol Sub-15, lucha libre y boxeo profesional.<\/p><p>Finalmente, reiterar que la labor no termina aqu\u00ed, vamos a seguir tocando puertas y ofreciendo mejores oportunidades para nuestros j\u00f3venes, a fin de consolidar un M\u00e9xico en paz.<\/p>\t\t\t\t\t\t<\/div>\n\t\t\t\t<\/div>\n\t\t\t\t\t<\/div>\n\t\t<\/div>\n\t\t\t\t\t\t\t<\/div>\n\t\t<\/section>\n\t\t\t\t\t\t\t<\/div>\n\t\t","protected":false},"excerpt":{"rendered":"<p>Ciudad de M\u00e9xico, a 13 de marzo de 2026.- Durante La Conferencia del Pueblo, Realizada en El Estado de Colima, Roci\u00f3 B\u00e1rcena Molina La Subsecretaria De Desarrollo Democr\u00e1tico Y Participaci\u00f3n Social De La SEGOB, informo las actividades realizadas en Colima, como parte del eje de Atenci\u00f3n a las Causas. Informo que las Mesas de Paz [&hellip;]<\/p>\n","protected":false},"author":1,"featured_media":106298,"comment_status":"closed","ping_status":"closed","sticky":false,"template":"","format":"standard","meta":[],"categories":[3],"tags":[],"_links":{"self":[{"href":"https:\/\/www.diarionoti7.com.mx\/index.php?rest_route=\/wp\/v2\/posts\/106296"}],"collection":[{"href":"https:\/\/www.diarionoti7.com.mx\/index.php?rest_route=\/wp\/v2\/posts"}],"about":[{"href":"https:\/\/www.diarionoti7.com.mx\/index.php?rest_route=\/wp\/v2\/types\/post"}],"author":[{"embeddable":true,"href":"https:\/\/www.diarionoti7.com.mx\/index.php?rest_route=\/wp\/v2\/users\/1"}],"replies":[{"embeddable":true,"href":"https:\/\/www.diarionoti7.com.mx\/index.php?rest_route=%2Fwp%2Fv2%2Fcomments&post=106296"}],"version-history":[{"count":4,"href":"https:\/\/www.diarionoti7.com.mx\/index.php?rest_route=\/wp\/v2\/posts\/106296\/revisions"}],"predecessor-version":[{"id":106301,"href":"https:\/\/www.diarionoti7.com.mx\/index.php?rest_route=\/wp\/v2\/posts\/106296\/revisions\/106301"}],"wp:featuredmedia":[{"embeddable":true,"href":"https:\/\/www.diarionoti7.com.mx\/index.php?rest_route=\/wp\/v2\/media\/106298"}],"wp:attachment":[{"href":"https:\/\/www.diarionoti7.com.mx\/index.php?rest_route=%2Fwp%2Fv2%2Fmedia&parent=106296"}],"wp:term":[{"taxonomy":"category","embeddable":true,"href":"https:\/\/www.diarionoti7.com.mx\/index.php?rest_route=%2Fwp%2Fv2%2Fcategories&post=106296"},{"taxonomy":"post_tag","embeddable":true,"href":"https:\/\/www.diarionoti7.com.mx\/index.php?rest_route=%2Fwp%2Fv2%2Ftags&post=106296"}],"curies":[{"name":"wp","href":"https:\/\/api.w.org\/{rel}","templated":true}]}}