{"id":106278,"date":"2026-03-14T09:30:53","date_gmt":"2026-03-14T09:30:53","guid":{"rendered":"https:\/\/www.diarionoti7.com.mx\/?p=106278"},"modified":"2026-03-14T18:31:54","modified_gmt":"2026-03-14T18:31:54","slug":"hidalgo-participo-en-foro-de-migracion-en-la-camara-federal-de-diputados","status":"publish","type":"post","link":"https:\/\/www.diarionoti7.com.mx\/?p=106278","title":{"rendered":"Hidalgo particip\u00f3 en Foro de Migraci\u00f3n en la C\u00e1mara Federal de Diputados"},"content":{"rendered":"\t\t<div data-elementor-type=\"wp-post\" data-elementor-id=\"106278\" class=\"elementor elementor-106278\">\n\t\t\t\t\t\t\t\t\t<section class=\"elementor-section elementor-top-section elementor-element elementor-element-c09b8f0 elementor-section-boxed elementor-section-height-default elementor-section-height-default\" data-id=\"c09b8f0\" data-element_type=\"section\">\n\t\t\t\t\t\t<div class=\"elementor-container elementor-column-gap-default\">\n\t\t\t\t\t<div class=\"elementor-column elementor-col-100 elementor-top-column elementor-element elementor-element-955a561\" data-id=\"955a561\" data-element_type=\"column\">\n\t\t\t<div class=\"elementor-widget-wrap elementor-element-populated\">\n\t\t\t\t\t\t\t\t<div class=\"elementor-element elementor-element-0ce869c elementor-widget elementor-widget-text-editor\" data-id=\"0ce869c\" data-element_type=\"widget\" data-widget_type=\"text-editor.default\">\n\t\t\t\t<div class=\"elementor-widget-container\">\n\t\t\t<style>\/*! elementor - v3.10.2 - 29-01-2023 *\/\n.elementor-widget-text-editor.elementor-drop-cap-view-stacked .elementor-drop-cap{background-color:#818a91;color:#fff}.elementor-widget-text-editor.elementor-drop-cap-view-framed .elementor-drop-cap{color:#818a91;border:3px solid;background-color:transparent}.elementor-widget-text-editor:not(.elementor-drop-cap-view-default) .elementor-drop-cap{margin-top:8px}.elementor-widget-text-editor:not(.elementor-drop-cap-view-default) .elementor-drop-cap-letter{width:1em;height:1em}.elementor-widget-text-editor .elementor-drop-cap{float:left;text-align:center;line-height:1;font-size:50px}.elementor-widget-text-editor .elementor-drop-cap-letter{display:inline-block}<\/style>\t\t\t\t<p><strong>-Mejorar las oportunidades y la atenci\u00f3n dirigida a la comunidad migrante, es el compromiso<\/strong><\/p><p><strong>Pachuca, Hgo., 13 marzo de 2026.-<\/strong>Con el objetivo de aportar propuestas con perfil regional a las pol\u00edticas migratorias nacionales, el director general de Atenci\u00f3n a Migrantes de la Secretar\u00eda de Bienestar e Inclusi\u00f3n Social, Manuel Aranda Montero, particip\u00f3 en el Foro de Alto Nivel \u201cHacia una revisi\u00f3n integral de la Ley de Migraci\u00f3n: identificaci\u00f3n de retos y la construcci\u00f3n de consensos\u201d.<\/p><p>El evento realizado en el Congreso de la Uni\u00f3n, fue parte de las actividades organizada por la Comisi\u00f3n de Asuntos Migratorios, en donde Hidalgo juega un papel importante, dado que Manuel Aranda llev\u00f3 tambi\u00e9n la representaci\u00f3n de la Confederaci\u00f3n Nacional de Oficinas Estatales de Atenci\u00f3n al Migrante (Conafam).<\/p><p>Al respecto, el funcionario hidalguense coment\u00f3 que los acuerdos construidos en esta reuni\u00f3n son de gran relevancia, porque toman en cuenta la realidad de la migraci\u00f3n desde el punto de vista de cada uno de los estados, una visi\u00f3n que conincide con los programas de gobierno de Julio Menchaca Salazar, en donde coloca al pueblo en el centro de las decisiones.<\/p><p>Agreg\u00f3 que para esta oportunidad Hidalgo propuso generar a nivel nacional la \u201cCarta de Identidad Estatal\u201d un documento que brinde identidad jur\u00eddica para aquellas personas migrantes que estando lejos de su pa\u00eds y sin documentos de identidad, puedan obtener una identificaci\u00f3n que se genere desde lo municipal que brinde certeza internacional y con lo que pueda reponer documentos a trav\u00e9s de los consulados en otros pa\u00edses.<\/p><p>El compromiso del gobierno del estado es mejorar las oportunidades y la atenci\u00f3n dirigida a la comunidad migrante, por lo que entre otras propuestas se sugiri\u00f3 mayor coordinaci\u00f3n interinstitucional en todos los \u00f3rdenes de gobierno con respaldo de todos los poderes, de manera que est\u00e1 articulaci\u00f3n brinde una mejor atenci\u00f3n a los y los migrantes.<\/p>\t\t\t\t\t\t<\/div>\n\t\t\t\t<\/div>\n\t\t\t\t\t<\/div>\n\t\t<\/div>\n\t\t\t\t\t\t\t<\/div>\n\t\t<\/section>\n\t\t\t\t\t\t\t<\/div>\n\t\t","protected":false},"excerpt":{"rendered":"<p>-Mejorar las oportunidades y la atenci\u00f3n dirigida a la comunidad migrante, es el compromiso Pachuca, Hgo., 13 marzo de 2026.-Con el objetivo de aportar propuestas con perfil regional a las pol\u00edticas migratorias nacionales, el director general de Atenci\u00f3n a Migrantes de la Secretar\u00eda de Bienestar e Inclusi\u00f3n Social, Manuel Aranda Montero, particip\u00f3 en el Foro [&hellip;]<\/p>\n","protected":false},"author":1,"featured_media":106280,"comment_status":"closed","ping_status":"closed","sticky":false,"template":"","format":"standard","meta":[],"categories":[7],"tags":[],"_links":{"self":[{"href":"https:\/\/www.diarionoti7.com.mx\/index.php?rest_route=\/wp\/v2\/posts\/106278"}],"collection":[{"href":"https:\/\/www.diarionoti7.com.mx\/index.php?rest_route=\/wp\/v2\/posts"}],"about":[{"href":"https:\/\/www.diarionoti7.com.mx\/index.php?rest_route=\/wp\/v2\/types\/post"}],"author":[{"embeddable":true,"href":"https:\/\/www.diarionoti7.com.mx\/index.php?rest_route=\/wp\/v2\/users\/1"}],"replies":[{"embeddable":true,"href":"https:\/\/www.diarionoti7.com.mx\/index.php?rest_route=%2Fwp%2Fv2%2Fcomments&post=106278"}],"version-history":[{"count":4,"href":"https:\/\/www.diarionoti7.com.mx\/index.php?rest_route=\/wp\/v2\/posts\/106278\/revisions"}],"predecessor-version":[{"id":106283,"href":"https:\/\/www.diarionoti7.com.mx\/index.php?rest_route=\/wp\/v2\/posts\/106278\/revisions\/106283"}],"wp:featuredmedia":[{"embeddable":true,"href":"https:\/\/www.diarionoti7.com.mx\/index.php?rest_route=\/wp\/v2\/media\/106280"}],"wp:attachment":[{"href":"https:\/\/www.diarionoti7.com.mx\/index.php?rest_route=%2Fwp%2Fv2%2Fmedia&parent=106278"}],"wp:term":[{"taxonomy":"category","embeddable":true,"href":"https:\/\/www.diarionoti7.com.mx\/index.php?rest_route=%2Fwp%2Fv2%2Fcategories&post=106278"},{"taxonomy":"post_tag","embeddable":true,"href":"https:\/\/www.diarionoti7.com.mx\/index.php?rest_route=%2Fwp%2Fv2%2Ftags&post=106278"}],"curies":[{"name":"wp","href":"https:\/\/api.w.org\/{rel}","templated":true}]}}