{"id":106272,"date":"2026-03-14T09:29:37","date_gmt":"2026-03-14T09:29:37","guid":{"rendered":"https:\/\/www.diarionoti7.com.mx\/?p=106272"},"modified":"2026-03-14T18:30:42","modified_gmt":"2026-03-14T18:30:42","slug":"fatima-banos-perez-nueva-titular-del-instituto-de-profesionalizacion-e-investigaciones-juridicas-del-poder-judicial","status":"publish","type":"post","link":"https:\/\/www.diarionoti7.com.mx\/?p=106272","title":{"rendered":"F\u00e1tima Ba\u00f1os P\u00e9rez, nueva titular del Instituto de Profesionalizaci\u00f3n e Investigaciones Jur\u00eddicas del Poder Judicial"},"content":{"rendered":"\t\t<div data-elementor-type=\"wp-post\" data-elementor-id=\"106272\" class=\"elementor elementor-106272\">\n\t\t\t\t\t\t\t\t\t<section class=\"elementor-section elementor-top-section elementor-element elementor-element-c09b8f0 elementor-section-boxed elementor-section-height-default elementor-section-height-default\" data-id=\"c09b8f0\" data-element_type=\"section\">\n\t\t\t\t\t\t<div class=\"elementor-container elementor-column-gap-default\">\n\t\t\t\t\t<div class=\"elementor-column elementor-col-100 elementor-top-column elementor-element elementor-element-955a561\" data-id=\"955a561\" data-element_type=\"column\">\n\t\t\t<div class=\"elementor-widget-wrap elementor-element-populated\">\n\t\t\t\t\t\t\t\t<div class=\"elementor-element elementor-element-0ce869c elementor-widget elementor-widget-text-editor\" data-id=\"0ce869c\" data-element_type=\"widget\" data-widget_type=\"text-editor.default\">\n\t\t\t\t<div class=\"elementor-widget-container\">\n\t\t\t<style>\/*! elementor - v3.10.2 - 29-01-2023 *\/\n.elementor-widget-text-editor.elementor-drop-cap-view-stacked .elementor-drop-cap{background-color:#818a91;color:#fff}.elementor-widget-text-editor.elementor-drop-cap-view-framed .elementor-drop-cap{color:#818a91;border:3px solid;background-color:transparent}.elementor-widget-text-editor:not(.elementor-drop-cap-view-default) .elementor-drop-cap{margin-top:8px}.elementor-widget-text-editor:not(.elementor-drop-cap-view-default) .elementor-drop-cap-letter{width:1em;height:1em}.elementor-widget-text-editor .elementor-drop-cap{float:left;text-align:center;line-height:1;font-size:50px}.elementor-widget-text-editor .elementor-drop-cap-letter{display:inline-block}<\/style>\t\t\t\t<p><strong>*<\/strong> <strong>La presentaci\u00f3n del nombramiento estuvo a cargo de la presidenta magistrada del Tribunal Superior de Justicia del Estado de Hidalgo (TSJEH), Rebeca Aladro Echeverr\u00eda, quien dio a conocer la incorporaci\u00f3n de la exfuncionaria a la estructura del Poder Judicial estatal.<\/strong><\/p><p><strong>Pachuca, HGo. 13 de marzo 2026.- <\/strong>La presentaci\u00f3n del nombramiento estuvo a cargo de la presidenta magistrada del Tribunal Superior de Justicia del Estado de Hidalgo (TSJEH), Rebeca Aladro Echeverr\u00eda<\/p><p>La exdirectora del Instituto Hidalguense del Deporte (Inhide)\u00a0<a href=\"https:\/\/criteriohidalgo.com\/noticias\/hidalgo\/nueva-presidenta-canaco-servytur-pachuca-recuperar-estacionamiento-estadio-hidalgo\">F\u00e1tima Lorena Ba\u00f1os P\u00e9rez fue nombrada titular del Instituto de Profesionalizaci\u00f3n e Investigaciones Jur\u00eddicas<\/a>\u00a0del Poder Judicial del Estado de Hidalgo.<\/p><p>\u00a0<\/p>\t\t\t\t\t\t<\/div>\n\t\t\t\t<\/div>\n\t\t\t\t\t<\/div>\n\t\t<\/div>\n\t\t\t\t\t\t\t<\/div>\n\t\t<\/section>\n\t\t\t\t\t\t\t<\/div>\n\t\t","protected":false},"excerpt":{"rendered":"<p>* La presentaci\u00f3n del nombramiento estuvo a cargo de la presidenta magistrada del Tribunal Superior de Justicia del Estado de Hidalgo (TSJEH), Rebeca Aladro Echeverr\u00eda, quien dio a conocer la incorporaci\u00f3n de la exfuncionaria a la estructura del Poder Judicial estatal. Pachuca, HGo. 13 de marzo 2026.- La presentaci\u00f3n del nombramiento estuvo a cargo de [&hellip;]<\/p>\n","protected":false},"author":1,"featured_media":106274,"comment_status":"closed","ping_status":"closed","sticky":false,"template":"","format":"standard","meta":[],"categories":[7],"tags":[],"_links":{"self":[{"href":"https:\/\/www.diarionoti7.com.mx\/index.php?rest_route=\/wp\/v2\/posts\/106272"}],"collection":[{"href":"https:\/\/www.diarionoti7.com.mx\/index.php?rest_route=\/wp\/v2\/posts"}],"about":[{"href":"https:\/\/www.diarionoti7.com.mx\/index.php?rest_route=\/wp\/v2\/types\/post"}],"author":[{"embeddable":true,"href":"https:\/\/www.diarionoti7.com.mx\/index.php?rest_route=\/wp\/v2\/users\/1"}],"replies":[{"embeddable":true,"href":"https:\/\/www.diarionoti7.com.mx\/index.php?rest_route=%2Fwp%2Fv2%2Fcomments&post=106272"}],"version-history":[{"count":4,"href":"https:\/\/www.diarionoti7.com.mx\/index.php?rest_route=\/wp\/v2\/posts\/106272\/revisions"}],"predecessor-version":[{"id":106277,"href":"https:\/\/www.diarionoti7.com.mx\/index.php?rest_route=\/wp\/v2\/posts\/106272\/revisions\/106277"}],"wp:featuredmedia":[{"embeddable":true,"href":"https:\/\/www.diarionoti7.com.mx\/index.php?rest_route=\/wp\/v2\/media\/106274"}],"wp:attachment":[{"href":"https:\/\/www.diarionoti7.com.mx\/index.php?rest_route=%2Fwp%2Fv2%2Fmedia&parent=106272"}],"wp:term":[{"taxonomy":"category","embeddable":true,"href":"https:\/\/www.diarionoti7.com.mx\/index.php?rest_route=%2Fwp%2Fv2%2Fcategories&post=106272"},{"taxonomy":"post_tag","embeddable":true,"href":"https:\/\/www.diarionoti7.com.mx\/index.php?rest_route=%2Fwp%2Fv2%2Ftags&post=106272"}],"curies":[{"name":"wp","href":"https:\/\/api.w.org\/{rel}","templated":true}]}}