{"id":106260,"date":"2026-03-14T09:26:42","date_gmt":"2026-03-14T09:26:42","guid":{"rendered":"https:\/\/www.diarionoti7.com.mx\/?p=106260"},"modified":"2026-03-14T18:27:44","modified_gmt":"2026-03-14T18:27:44","slug":"realizan-feria-nacional-de-empleo-para-las-mujeres-con-mas-de-mil-vacantes","status":"publish","type":"post","link":"https:\/\/www.diarionoti7.com.mx\/?p=106260","title":{"rendered":"Realizan Feria Nacional de Empleo para las Mujeres con m\u00e1s de mil vacantes"},"content":{"rendered":"\t\t<div data-elementor-type=\"wp-post\" data-elementor-id=\"106260\" class=\"elementor elementor-106260\">\n\t\t\t\t\t\t\t\t\t<section class=\"elementor-section elementor-top-section elementor-element elementor-element-c09b8f0 elementor-section-boxed elementor-section-height-default elementor-section-height-default\" data-id=\"c09b8f0\" data-element_type=\"section\">\n\t\t\t\t\t\t<div class=\"elementor-container elementor-column-gap-default\">\n\t\t\t\t\t<div class=\"elementor-column elementor-col-100 elementor-top-column elementor-element elementor-element-955a561\" data-id=\"955a561\" data-element_type=\"column\">\n\t\t\t<div class=\"elementor-widget-wrap elementor-element-populated\">\n\t\t\t\t\t\t\t\t<div class=\"elementor-element elementor-element-0ce869c elementor-widget elementor-widget-text-editor\" data-id=\"0ce869c\" data-element_type=\"widget\" data-widget_type=\"text-editor.default\">\n\t\t\t\t<div class=\"elementor-widget-container\">\n\t\t\t<style>\/*! elementor - v3.10.2 - 29-01-2023 *\/\n.elementor-widget-text-editor.elementor-drop-cap-view-stacked .elementor-drop-cap{background-color:#818a91;color:#fff}.elementor-widget-text-editor.elementor-drop-cap-view-framed .elementor-drop-cap{color:#818a91;border:3px solid;background-color:transparent}.elementor-widget-text-editor:not(.elementor-drop-cap-view-default) .elementor-drop-cap{margin-top:8px}.elementor-widget-text-editor:not(.elementor-drop-cap-view-default) .elementor-drop-cap-letter{width:1em;height:1em}.elementor-widget-text-editor .elementor-drop-cap{float:left;text-align:center;line-height:1;font-size:50px}.elementor-widget-text-editor .elementor-drop-cap-letter{display:inline-block}<\/style>\t\t\t\t<p><strong>-Participaci\u00f3n femenina en el sector laboral fortalece la econom\u00eda local y estatal<\/strong><\/p><p><strong>Mineral de la Reforma, Hgo., 13 marzo de 2026.-<\/strong>En el marco del D\u00eda Internacional de la Mujer, se llev\u00f3 a cabo la Feria Nacional de Empleo para las Mujeres en el municipio de Tizayuca, evento que conjunt\u00f3 a m\u00e1s de 33 empresas que ofertaron mil 102 plazas disponibles para la ciudadan\u00eda, con especial atenci\u00f3n para las mujeres que buscan una oportunidad laboral.<\/p><p>El titular de la Secretar\u00eda del Trabajo y Previsi\u00f3n Social de Hidalgo (STPSH), Oscar Javier Gonz\u00e1lez Hern\u00e1ndez, destac\u00f3 que se ha registrado un aumento de la participaci\u00f3n femenina en el sector laboral, lo que fortalece a la econom\u00eda \u2014tanto local como estatal\u2014; eso es un indicativo de que las mujeres est\u00e1n preparadas para ser pilar fundamental del desarrollo en la entidad.<\/p><p>Precis\u00f3 que una de las prioridades de la pol\u00edtica laboral del gobernador Julio Menchaca Salazar es que todas las mujeres buscadoras de empleo tengan oportunidades laborales que les permitan desarrollarse profesional y personalmente.<\/p><p>En tanto, la directora general del Servicio Nacional de Empleo Hidalgo, Viridiana Salinas Ram\u00edrez, se\u00f1al\u00f3 que estas ferias de empleo tienen el objetivo de contribuir a la reducci\u00f3n de la brecha laboral y al mismo tiempo empoderar a las mujeres en los diferentes sectores productivos, a trav\u00e9s de posibilidades de trabajo digno y formal.<\/p><p>Las vacantes disponibles en esta Feria de Empleo cuentan con prestaciones de ley, as\u00ed como salarios superiores al m\u00ednimo y hasta los 32 mil pesos mensuales en el caso de la plaza de operador de tractocami\u00f3n, ofertada por la empresa Transporte Covadonga.<\/p><p>El secretario del Trabajo destac\u00f3 que Tizayuca es un punto estrat\u00e9gico para la actividad econ\u00f3mica en la parte sur del estado, debido a la actividad industrial y comercial, adem\u00e1s de su ubicaci\u00f3n log\u00edstica, factores que favorecen la generaci\u00f3n de empleo en la zona.<\/p><p>Al respecto, Adriana Ang\u00e9lica \u00c1ngeles Quezada, secretaria general municipal \u2014en representaci\u00f3n de Gretchen Atilano Moreno, presidenta municipal de Tizayuca\u2014, se\u00f1al\u00f3 que el trabajo coordinado con el gobernador Julio Menchaca, a trav\u00e9s de la Secretar\u00eda del Trabajo, impulsa acciones que benefician a las mujeres, como es la Feria del Empleo.<\/p><p>De igual manera, resalt\u00f3 las acciones coordinadas entre los tres \u00f3rdenes de gobierno para brindar apoyo a las personas m\u00e1s necesitadas en el municipio y en toda la entidad, por medio de los programas sociales que se han implementado en esta administraci\u00f3n.<\/p>\t\t\t\t\t\t<\/div>\n\t\t\t\t<\/div>\n\t\t\t\t\t<\/div>\n\t\t<\/div>\n\t\t\t\t\t\t\t<\/div>\n\t\t<\/section>\n\t\t\t\t\t\t\t<\/div>\n\t\t","protected":false},"excerpt":{"rendered":"<p>-Participaci\u00f3n femenina en el sector laboral fortalece la econom\u00eda local y estatal Mineral de la Reforma, Hgo., 13 marzo de 2026.-En el marco del D\u00eda Internacional de la Mujer, se llev\u00f3 a cabo la Feria Nacional de Empleo para las Mujeres en el municipio de Tizayuca, evento que conjunt\u00f3 a m\u00e1s de 33 empresas que [&hellip;]<\/p>\n","protected":false},"author":1,"featured_media":106262,"comment_status":"closed","ping_status":"closed","sticky":false,"template":"","format":"standard","meta":[],"categories":[6],"tags":[],"_links":{"self":[{"href":"https:\/\/www.diarionoti7.com.mx\/index.php?rest_route=\/wp\/v2\/posts\/106260"}],"collection":[{"href":"https:\/\/www.diarionoti7.com.mx\/index.php?rest_route=\/wp\/v2\/posts"}],"about":[{"href":"https:\/\/www.diarionoti7.com.mx\/index.php?rest_route=\/wp\/v2\/types\/post"}],"author":[{"embeddable":true,"href":"https:\/\/www.diarionoti7.com.mx\/index.php?rest_route=\/wp\/v2\/users\/1"}],"replies":[{"embeddable":true,"href":"https:\/\/www.diarionoti7.com.mx\/index.php?rest_route=%2Fwp%2Fv2%2Fcomments&post=106260"}],"version-history":[{"count":4,"href":"https:\/\/www.diarionoti7.com.mx\/index.php?rest_route=\/wp\/v2\/posts\/106260\/revisions"}],"predecessor-version":[{"id":106265,"href":"https:\/\/www.diarionoti7.com.mx\/index.php?rest_route=\/wp\/v2\/posts\/106260\/revisions\/106265"}],"wp:featuredmedia":[{"embeddable":true,"href":"https:\/\/www.diarionoti7.com.mx\/index.php?rest_route=\/wp\/v2\/media\/106262"}],"wp:attachment":[{"href":"https:\/\/www.diarionoti7.com.mx\/index.php?rest_route=%2Fwp%2Fv2%2Fmedia&parent=106260"}],"wp:term":[{"taxonomy":"category","embeddable":true,"href":"https:\/\/www.diarionoti7.com.mx\/index.php?rest_route=%2Fwp%2Fv2%2Fcategories&post=106260"},{"taxonomy":"post_tag","embeddable":true,"href":"https:\/\/www.diarionoti7.com.mx\/index.php?rest_route=%2Fwp%2Fv2%2Ftags&post=106260"}],"curies":[{"name":"wp","href":"https:\/\/api.w.org\/{rel}","templated":true}]}}