{"id":106242,"date":"2026-03-14T09:22:59","date_gmt":"2026-03-14T09:22:59","guid":{"rendered":"https:\/\/www.diarionoti7.com.mx\/?p=106242"},"modified":"2026-03-14T18:23:50","modified_gmt":"2026-03-14T18:23:50","slug":"concluyen-las-reuniones-regionales-de-cultura-con-encuentros-en-la-huasteca-y-la-sierra","status":"publish","type":"post","link":"https:\/\/www.diarionoti7.com.mx\/?p=106242","title":{"rendered":"Concluyen Las Reuniones Regionales de Cultura Con Encuentros en la Huasteca y la Sierra"},"content":{"rendered":"\t\t<div data-elementor-type=\"wp-post\" data-elementor-id=\"106242\" class=\"elementor elementor-106242\">\n\t\t\t\t\t\t\t\t\t<section class=\"elementor-section elementor-top-section elementor-element elementor-element-c09b8f0 elementor-section-boxed elementor-section-height-default elementor-section-height-default\" data-id=\"c09b8f0\" data-element_type=\"section\">\n\t\t\t\t\t\t<div class=\"elementor-container elementor-column-gap-default\">\n\t\t\t\t\t<div class=\"elementor-column elementor-col-100 elementor-top-column elementor-element elementor-element-955a561\" data-id=\"955a561\" data-element_type=\"column\">\n\t\t\t<div class=\"elementor-widget-wrap elementor-element-populated\">\n\t\t\t\t\t\t\t\t<div class=\"elementor-element elementor-element-0ce869c elementor-widget elementor-widget-text-editor\" data-id=\"0ce869c\" data-element_type=\"widget\" data-widget_type=\"text-editor.default\">\n\t\t\t\t<div class=\"elementor-widget-container\">\n\t\t\t<style>\/*! elementor - v3.10.2 - 29-01-2023 *\/\n.elementor-widget-text-editor.elementor-drop-cap-view-stacked .elementor-drop-cap{background-color:#818a91;color:#fff}.elementor-widget-text-editor.elementor-drop-cap-view-framed .elementor-drop-cap{color:#818a91;border:3px solid;background-color:transparent}.elementor-widget-text-editor:not(.elementor-drop-cap-view-default) .elementor-drop-cap{margin-top:8px}.elementor-widget-text-editor:not(.elementor-drop-cap-view-default) .elementor-drop-cap-letter{width:1em;height:1em}.elementor-widget-text-editor .elementor-drop-cap{float:left;text-align:center;line-height:1;font-size:50px}.elementor-widget-text-editor .elementor-drop-cap-letter{display:inline-block}<\/style>\t\t\t\t<p><strong>&#8211; Participaron 22 municipios en las \u00faltimas dos rutas de trabajo territorial<\/strong><\/p><p><strong>-Se presentaron programas, servicios y esquemas de apoyo<\/strong><\/p><p><strong>Pachuca, Hgo., 13 de marzo de 2026.-<\/strong>Como parte del proceso de di\u00e1logo territorial impulsado por la Secretar\u00eda de Cultura del Estado de Hidalgo, se realizaron los \u00faltimos encuentros de las Reuniones Regionales de Cultura \u2013 Hidalgo 2026, correspondientes a la Ruta 7 Sierra Alta y Sierra Baja, desarrollada en Tlanchinol y la Ruta 8 Huasteca, llevada a cabo en Huejutla de Reyes.<\/p><p>En estas jornadas participaron 13 y 9 municipios respectivamente, consolidando un espacio de coordinaci\u00f3n entre autoridades municipales y estatales para fortalecer el trabajo conjunto en favor del desarrollo de las regiones.<\/p><p>Durante estos encuentros se presentaron servicios, programas y esquemas de apoyo cultural que la dependencia pone a disposici\u00f3n de los municipios, con el prop\u00f3sito de impulsar proyectos art\u00edsticos, fortalecer las capacidades locales y ampliar las oportunidades de acceso.<\/p><p>Con la realizaci\u00f3n de estas dos rutas concluye el ciclo de Reuniones Regionales una estrategia de trabajo territorial orientada a promover la colaboraci\u00f3n institucional, el intercambio de experiencias y la construcci\u00f3n de agendas que respondan a las particularidades de cada localidad.<\/p><p>Estas acciones forman parte de la pol\u00edtica que impulsa el gobierno encabezado por Julio Menchaca Salazar, a trav\u00e9s de la Secretar\u00eda de Cultura dirigida por Neyda Naranjo Baltazar, enfocada en fortalecer la gesti\u00f3n cercana a las comunidades.<\/p>\t\t\t\t\t\t<\/div>\n\t\t\t\t<\/div>\n\t\t\t\t\t<\/div>\n\t\t<\/div>\n\t\t\t\t\t\t\t<\/div>\n\t\t<\/section>\n\t\t\t\t\t\t\t<\/div>\n\t\t","protected":false},"excerpt":{"rendered":"<p>&#8211; Participaron 22 municipios en las \u00faltimas dos rutas de trabajo territorial -Se presentaron programas, servicios y esquemas de apoyo Pachuca, Hgo., 13 de marzo de 2026.-Como parte del proceso de di\u00e1logo territorial impulsado por la Secretar\u00eda de Cultura del Estado de Hidalgo, se realizaron los \u00faltimos encuentros de las Reuniones Regionales de Cultura \u2013 [&hellip;]<\/p>\n","protected":false},"author":1,"featured_media":106244,"comment_status":"closed","ping_status":"closed","sticky":false,"template":"","format":"standard","meta":[],"categories":[4],"tags":[],"_links":{"self":[{"href":"https:\/\/www.diarionoti7.com.mx\/index.php?rest_route=\/wp\/v2\/posts\/106242"}],"collection":[{"href":"https:\/\/www.diarionoti7.com.mx\/index.php?rest_route=\/wp\/v2\/posts"}],"about":[{"href":"https:\/\/www.diarionoti7.com.mx\/index.php?rest_route=\/wp\/v2\/types\/post"}],"author":[{"embeddable":true,"href":"https:\/\/www.diarionoti7.com.mx\/index.php?rest_route=\/wp\/v2\/users\/1"}],"replies":[{"embeddable":true,"href":"https:\/\/www.diarionoti7.com.mx\/index.php?rest_route=%2Fwp%2Fv2%2Fcomments&post=106242"}],"version-history":[{"count":4,"href":"https:\/\/www.diarionoti7.com.mx\/index.php?rest_route=\/wp\/v2\/posts\/106242\/revisions"}],"predecessor-version":[{"id":106247,"href":"https:\/\/www.diarionoti7.com.mx\/index.php?rest_route=\/wp\/v2\/posts\/106242\/revisions\/106247"}],"wp:featuredmedia":[{"embeddable":true,"href":"https:\/\/www.diarionoti7.com.mx\/index.php?rest_route=\/wp\/v2\/media\/106244"}],"wp:attachment":[{"href":"https:\/\/www.diarionoti7.com.mx\/index.php?rest_route=%2Fwp%2Fv2%2Fmedia&parent=106242"}],"wp:term":[{"taxonomy":"category","embeddable":true,"href":"https:\/\/www.diarionoti7.com.mx\/index.php?rest_route=%2Fwp%2Fv2%2Fcategories&post=106242"},{"taxonomy":"post_tag","embeddable":true,"href":"https:\/\/www.diarionoti7.com.mx\/index.php?rest_route=%2Fwp%2Fv2%2Ftags&post=106242"}],"curies":[{"name":"wp","href":"https:\/\/api.w.org\/{rel}","templated":true}]}}