{"id":106190,"date":"2026-03-13T09:42:51","date_gmt":"2026-03-13T09:42:51","guid":{"rendered":"https:\/\/www.diarionoti7.com.mx\/?p=106190"},"modified":"2026-03-13T17:43:54","modified_gmt":"2026-03-13T17:43:54","slug":"se-fortalece-el-dialogo-entre-juventudes-y-autoridades-en-encuentro-estatal","status":"publish","type":"post","link":"https:\/\/www.diarionoti7.com.mx\/?p=106190","title":{"rendered":"Se Fortalece el Di\u00e1logo Entre Juventudes y Autoridades en Encuentro Estatal"},"content":{"rendered":"\t\t<div data-elementor-type=\"wp-post\" data-elementor-id=\"106190\" class=\"elementor elementor-106190\">\n\t\t\t\t\t\t\t\t\t<section class=\"elementor-section elementor-top-section elementor-element elementor-element-c09b8f0 elementor-section-boxed elementor-section-height-default elementor-section-height-default\" data-id=\"c09b8f0\" data-element_type=\"section\">\n\t\t\t\t\t\t<div class=\"elementor-container elementor-column-gap-default\">\n\t\t\t\t\t<div class=\"elementor-column elementor-col-100 elementor-top-column elementor-element elementor-element-955a561\" data-id=\"955a561\" data-element_type=\"column\">\n\t\t\t<div class=\"elementor-widget-wrap elementor-element-populated\">\n\t\t\t\t\t\t\t\t<div class=\"elementor-element elementor-element-0ce869c elementor-widget elementor-widget-text-editor\" data-id=\"0ce869c\" data-element_type=\"widget\" data-widget_type=\"text-editor.default\">\n\t\t\t\t<div class=\"elementor-widget-container\">\n\t\t\t<style>\/*! elementor - v3.10.2 - 29-01-2023 *\/\n.elementor-widget-text-editor.elementor-drop-cap-view-stacked .elementor-drop-cap{background-color:#818a91;color:#fff}.elementor-widget-text-editor.elementor-drop-cap-view-framed .elementor-drop-cap{color:#818a91;border:3px solid;background-color:transparent}.elementor-widget-text-editor:not(.elementor-drop-cap-view-default) .elementor-drop-cap{margin-top:8px}.elementor-widget-text-editor:not(.elementor-drop-cap-view-default) .elementor-drop-cap-letter{width:1em;height:1em}.elementor-widget-text-editor .elementor-drop-cap{float:left;text-align:center;line-height:1;font-size:50px}.elementor-widget-text-editor .elementor-drop-cap-letter{display:inline-block}<\/style>\t\t\t\t<p><strong>Pachuca, Hgo., 12 de marzo de 2026.-<\/strong>La Secretar\u00eda de Gobierno de Hidalgo llev\u00f3 a cabo un encuentro con j\u00f3venes provenientes de diversas regiones de la entidad, mediante un espacio abierto para el di\u00e1logo, la escucha activa y la construcci\u00f3n de propuestas que fortalezcan la participaci\u00f3n juvenil.<\/p><p>El secretario de Gobierno, Guillermo Olivares Reyna, encabez\u00f3 la reuni\u00f3n como parte de los trabajos que se realizan con distintos sectores sociales, con el prop\u00f3sito de atender sus inquietudes y fortalecer la colaboraci\u00f3n institucional. El encuentro permiti\u00f3 identificar necesidades, propuestas y \u00e1reas de oportunidad expresadas directamente por las juventudes.<\/p><p>Durante la jornada participaron las y los titulares de las instancias de juventud a nivel estatal y federal, quienes compartieron informaci\u00f3n sobre programas, oportunidades y mecanismos de participaci\u00f3n dise\u00f1ados para impulsar el desarrollo integral de este sector.<\/p><p>Las y los asistentes destacaron la importancia de contar con espacios donde se puedan expresar de manera directa con las autoridades, as\u00ed como la relevancia de que sus voces sean consideradas en la toma de decisiones p\u00fablicas. Este enfoque coincide con el lineamiento que se\u00f1ala la importancia de \u201ctransmitir la confianza que la gente tiene en el ejercicio gubernamental\u201d.<\/p>\t\t\t\t\t\t<\/div>\n\t\t\t\t<\/div>\n\t\t\t\t\t<\/div>\n\t\t<\/div>\n\t\t\t\t\t\t\t<\/div>\n\t\t<\/section>\n\t\t\t\t\t\t\t<\/div>\n\t\t","protected":false},"excerpt":{"rendered":"<p>Pachuca, Hgo., 12 de marzo de 2026.-La Secretar\u00eda de Gobierno de Hidalgo llev\u00f3 a cabo un encuentro con j\u00f3venes provenientes de diversas regiones de la entidad, mediante un espacio abierto para el di\u00e1logo, la escucha activa y la construcci\u00f3n de propuestas que fortalezcan la participaci\u00f3n juvenil. El secretario de Gobierno, Guillermo Olivares Reyna, encabez\u00f3 la [&hellip;]<\/p>\n","protected":false},"author":1,"featured_media":106192,"comment_status":"closed","ping_status":"closed","sticky":false,"template":"","format":"standard","meta":[],"categories":[7],"tags":[],"_links":{"self":[{"href":"https:\/\/www.diarionoti7.com.mx\/index.php?rest_route=\/wp\/v2\/posts\/106190"}],"collection":[{"href":"https:\/\/www.diarionoti7.com.mx\/index.php?rest_route=\/wp\/v2\/posts"}],"about":[{"href":"https:\/\/www.diarionoti7.com.mx\/index.php?rest_route=\/wp\/v2\/types\/post"}],"author":[{"embeddable":true,"href":"https:\/\/www.diarionoti7.com.mx\/index.php?rest_route=\/wp\/v2\/users\/1"}],"replies":[{"embeddable":true,"href":"https:\/\/www.diarionoti7.com.mx\/index.php?rest_route=%2Fwp%2Fv2%2Fcomments&post=106190"}],"version-history":[{"count":4,"href":"https:\/\/www.diarionoti7.com.mx\/index.php?rest_route=\/wp\/v2\/posts\/106190\/revisions"}],"predecessor-version":[{"id":106195,"href":"https:\/\/www.diarionoti7.com.mx\/index.php?rest_route=\/wp\/v2\/posts\/106190\/revisions\/106195"}],"wp:featuredmedia":[{"embeddable":true,"href":"https:\/\/www.diarionoti7.com.mx\/index.php?rest_route=\/wp\/v2\/media\/106192"}],"wp:attachment":[{"href":"https:\/\/www.diarionoti7.com.mx\/index.php?rest_route=%2Fwp%2Fv2%2Fmedia&parent=106190"}],"wp:term":[{"taxonomy":"category","embeddable":true,"href":"https:\/\/www.diarionoti7.com.mx\/index.php?rest_route=%2Fwp%2Fv2%2Fcategories&post=106190"},{"taxonomy":"post_tag","embeddable":true,"href":"https:\/\/www.diarionoti7.com.mx\/index.php?rest_route=%2Fwp%2Fv2%2Ftags&post=106190"}],"curies":[{"name":"wp","href":"https:\/\/api.w.org\/{rel}","templated":true}]}}