{"id":106172,"date":"2026-03-13T09:37:39","date_gmt":"2026-03-13T09:37:39","guid":{"rendered":"https:\/\/www.diarionoti7.com.mx\/?p=106172"},"modified":"2026-03-13T17:39:19","modified_gmt":"2026-03-13T17:39:19","slug":"lanzan-convocatoria-2026-para-apoyar-a-personas-cuidadoras-de-personas-con-discapacidad","status":"publish","type":"post","link":"https:\/\/www.diarionoti7.com.mx\/?p=106172","title":{"rendered":"Lanzan Convocatoria 2026 Para Apoyar a Personas Cuidadoras de Personas Con Discapacidad"},"content":{"rendered":"\t\t<div data-elementor-type=\"wp-post\" data-elementor-id=\"106172\" class=\"elementor elementor-106172\">\n\t\t\t\t\t\t\t\t\t<section class=\"elementor-section elementor-top-section elementor-element elementor-element-c09b8f0 elementor-section-boxed elementor-section-height-default elementor-section-height-default\" data-id=\"c09b8f0\" data-element_type=\"section\">\n\t\t\t\t\t\t<div class=\"elementor-container elementor-column-gap-default\">\n\t\t\t\t\t<div class=\"elementor-column elementor-col-100 elementor-top-column elementor-element elementor-element-955a561\" data-id=\"955a561\" data-element_type=\"column\">\n\t\t\t<div class=\"elementor-widget-wrap elementor-element-populated\">\n\t\t\t\t\t\t\t\t<div class=\"elementor-element elementor-element-0ce869c elementor-widget elementor-widget-text-editor\" data-id=\"0ce869c\" data-element_type=\"widget\" data-widget_type=\"text-editor.default\">\n\t\t\t\t<div class=\"elementor-widget-container\">\n\t\t\t<style>\/*! elementor - v3.10.2 - 29-01-2023 *\/\n.elementor-widget-text-editor.elementor-drop-cap-view-stacked .elementor-drop-cap{background-color:#818a91;color:#fff}.elementor-widget-text-editor.elementor-drop-cap-view-framed .elementor-drop-cap{color:#818a91;border:3px solid;background-color:transparent}.elementor-widget-text-editor:not(.elementor-drop-cap-view-default) .elementor-drop-cap{margin-top:8px}.elementor-widget-text-editor:not(.elementor-drop-cap-view-default) .elementor-drop-cap-letter{width:1em;height:1em}.elementor-widget-text-editor .elementor-drop-cap{float:left;text-align:center;line-height:1;font-size:50px}.elementor-widget-text-editor .elementor-drop-cap-letter{display:inline-block}<\/style>\t\t\t\t<p><strong>-Podr\u00e1n recibir hasta 10 mil pesos<\/strong><\/p><p><strong>Pachuca, Hgo., 12 de marzo de 2026.-<\/strong>Por segundo a\u00f1o consecutivo, el gobierno de Hidalgo lanz\u00f3 la convocatoria para participar en el Programa de Personas Cuidadoras de Personas con Discapacidad, que brinda apoyo econ\u00f3mico de 10 mil pesos a quienes han dedicado su vida a la atenci\u00f3n de otras.<\/p><p>Es a trav\u00e9s de la Secretar\u00eda de Bienestar e Inclusi\u00f3n Social (Sebiso) que se busca reconocer y respaldar la labor de quienes cuidan de manera directa a personas con discapacidad f\u00edsica con movilidad reducida, discapacidad intelectual profunda o discapacidad psicosocial profunda en grado grave o completo.<\/p><p>El objetivo del programa es contribuir al bienestar de las personas cuidadoras, mediante la entrega de un apoyo \u00fanico de hasta 10 mil pesos, otorgado en una sola exhibici\u00f3n, con el prop\u00f3sito de fortalecer su desarrollo econ\u00f3mico y reconocer la importante labor que realizan diariamente.<\/p><p>El titular de la Sebiso, Ricardo G\u00f3mez Moreno, destac\u00f3 que este tipo de acciones forman parte del compromiso del gobernador Julio Menchaca de atender directamente a los sectores que hist\u00f3ricamente hab\u00edan sido relegados.<\/p><p>Por su parte, el director general de Inclusi\u00f3n para las Personas con Discapacidad, Alfonso Hayyim Flores Barrera, se\u00f1al\u00f3 que este programa refleja el avance en las pol\u00edticas p\u00fablicas de atenci\u00f3n a este sector en Hidalgo.<\/p><p>\u201cHoy contamos con m\u00e1s herramientas para apoyar a las familias hidalguenses que realizan labores de cuidado, y no s\u00f3lo eso, sino que se logr\u00f3 un incremento en el presupuesto para 2026, lo que permitir\u00e1 ampliar la cobertura del programa y llegar a m\u00e1s personas cuidadoras que requieren este respaldo\u201d, expres\u00f3.<\/p><p>Las personas interesadas deber\u00e1n presentar su solicitud de manera presencial del 17 al 20 de marzo de 2026, en un horario de 9:00 a 17:00 horas, en la Direcci\u00f3n General de Inclusi\u00f3n para las Personas con Discapacidad, ubicada en el Ex Centro Minero en Pachuca o en las Casas del Pueblo que se encuentran en todas las regiones del estado; las direcciones pueden consultarse en el siguiente sitio web: https:\/\/sebiso.hidalgo.gob.mx\/DGSP<\/p><p>Para resolver dudas o recibir orientaci\u00f3n sobre el proceso de registro, las personas interesadas pueden comunicarse al 771 717 6000 extensi\u00f3n 8751 o consultar informaci\u00f3n en la p\u00e1gina de Facebook: https:\/\/www.facebook.com\/share\/p\/1Dsxpoti7H\/<\/p>\t\t\t\t\t\t<\/div>\n\t\t\t\t<\/div>\n\t\t\t\t\t<\/div>\n\t\t<\/div>\n\t\t\t\t\t\t\t<\/div>\n\t\t<\/section>\n\t\t\t\t\t\t\t<\/div>\n\t\t","protected":false},"excerpt":{"rendered":"<p>-Podr\u00e1n recibir hasta 10 mil pesos Pachuca, Hgo., 12 de marzo de 2026.-Por segundo a\u00f1o consecutivo, el gobierno de Hidalgo lanz\u00f3 la convocatoria para participar en el Programa de Personas Cuidadoras de Personas con Discapacidad, que brinda apoyo econ\u00f3mico de 10 mil pesos a quienes han dedicado su vida a la atenci\u00f3n de otras. Es [&hellip;]<\/p>\n","protected":false},"author":1,"featured_media":106174,"comment_status":"closed","ping_status":"closed","sticky":false,"template":"","format":"standard","meta":[],"categories":[6],"tags":[],"_links":{"self":[{"href":"https:\/\/www.diarionoti7.com.mx\/index.php?rest_route=\/wp\/v2\/posts\/106172"}],"collection":[{"href":"https:\/\/www.diarionoti7.com.mx\/index.php?rest_route=\/wp\/v2\/posts"}],"about":[{"href":"https:\/\/www.diarionoti7.com.mx\/index.php?rest_route=\/wp\/v2\/types\/post"}],"author":[{"embeddable":true,"href":"https:\/\/www.diarionoti7.com.mx\/index.php?rest_route=\/wp\/v2\/users\/1"}],"replies":[{"embeddable":true,"href":"https:\/\/www.diarionoti7.com.mx\/index.php?rest_route=%2Fwp%2Fv2%2Fcomments&post=106172"}],"version-history":[{"count":4,"href":"https:\/\/www.diarionoti7.com.mx\/index.php?rest_route=\/wp\/v2\/posts\/106172\/revisions"}],"predecessor-version":[{"id":106177,"href":"https:\/\/www.diarionoti7.com.mx\/index.php?rest_route=\/wp\/v2\/posts\/106172\/revisions\/106177"}],"wp:featuredmedia":[{"embeddable":true,"href":"https:\/\/www.diarionoti7.com.mx\/index.php?rest_route=\/wp\/v2\/media\/106174"}],"wp:attachment":[{"href":"https:\/\/www.diarionoti7.com.mx\/index.php?rest_route=%2Fwp%2Fv2%2Fmedia&parent=106172"}],"wp:term":[{"taxonomy":"category","embeddable":true,"href":"https:\/\/www.diarionoti7.com.mx\/index.php?rest_route=%2Fwp%2Fv2%2Fcategories&post=106172"},{"taxonomy":"post_tag","embeddable":true,"href":"https:\/\/www.diarionoti7.com.mx\/index.php?rest_route=%2Fwp%2Fv2%2Ftags&post=106172"}],"curies":[{"name":"wp","href":"https:\/\/api.w.org\/{rel}","templated":true}]}}