{"id":106136,"date":"2026-03-13T09:27:58","date_gmt":"2026-03-13T09:27:58","guid":{"rendered":"https:\/\/www.diarionoti7.com.mx\/?p=106136"},"modified":"2026-03-13T17:28:55","modified_gmt":"2026-03-13T17:28:55","slug":"upfim-abre-convocatoria-de-ingreso-2026","status":"publish","type":"post","link":"https:\/\/www.diarionoti7.com.mx\/?p=106136","title":{"rendered":"UPFIM Abre Convocatoria de Ingreso 2026"},"content":{"rendered":"\t\t<div data-elementor-type=\"wp-post\" data-elementor-id=\"106136\" class=\"elementor elementor-106136\">\n\t\t\t\t\t\t\t\t\t<section class=\"elementor-section elementor-top-section elementor-element elementor-element-c09b8f0 elementor-section-boxed elementor-section-height-default elementor-section-height-default\" data-id=\"c09b8f0\" data-element_type=\"section\">\n\t\t\t\t\t\t<div class=\"elementor-container elementor-column-gap-default\">\n\t\t\t\t\t<div class=\"elementor-column elementor-col-100 elementor-top-column elementor-element elementor-element-955a561\" data-id=\"955a561\" data-element_type=\"column\">\n\t\t\t<div class=\"elementor-widget-wrap elementor-element-populated\">\n\t\t\t\t\t\t\t\t<div class=\"elementor-element elementor-element-0ce869c elementor-widget elementor-widget-text-editor\" data-id=\"0ce869c\" data-element_type=\"widget\" data-widget_type=\"text-editor.default\">\n\t\t\t\t<div class=\"elementor-widget-container\">\n\t\t\t<style>\/*! elementor - v3.10.2 - 29-01-2023 *\/\n.elementor-widget-text-editor.elementor-drop-cap-view-stacked .elementor-drop-cap{background-color:#818a91;color:#fff}.elementor-widget-text-editor.elementor-drop-cap-view-framed .elementor-drop-cap{color:#818a91;border:3px solid;background-color:transparent}.elementor-widget-text-editor:not(.elementor-drop-cap-view-default) .elementor-drop-cap{margin-top:8px}.elementor-widget-text-editor:not(.elementor-drop-cap-view-default) .elementor-drop-cap-letter{width:1em;height:1em}.elementor-widget-text-editor .elementor-drop-cap{float:left;text-align:center;line-height:1;font-size:50px}.elementor-widget-text-editor .elementor-drop-cap-letter{display:inline-block}<\/style>\t\t\t\t<p><strong>-Oferta programas de ingenier\u00eda con modelo innovador y opci\u00f3n de doble titulaci\u00f3n en 3 a\u00f1os 4 meses.<\/strong><\/p><p><strong>Pachuca, Hgo., 12 de marzo de 2026.-<\/strong>La Universidad Polit\u00e9cnica de Francisco I. Madero (UPFIM) abri\u00f3 su convocatoria de ingreso 2026, dirigida a estudiantes de nivel medio superior y al p\u00fablico en general interesado en continuar su formaci\u00f3n profesional en una instituci\u00f3n con enfoque de calidad y proyecci\u00f3n internacional.<\/p><p>El rector Javier Cabrera Filomeno inform\u00f3 que la UPFIM se ha consolidado como una de las principales opciones de educaci\u00f3n superior en la regi\u00f3n, gracias a su modelo educativo innovador y a la posibilidad de obtener doble titulaci\u00f3n en un periodo de 3 a\u00f1os y 4 meses, lo que permite a sus egresados incorporarse de manera competitiva al mercado laboral.<\/p><p>Asimismo, destac\u00f3 que, bajo el liderazgo del gobernador Julio Menchaca Salazar, y con el impulso del secretario de Educaci\u00f3n P\u00fablica de Hidalgo, Natividad Castrej\u00f3n Valdez, se mantiene un firme compromiso institucional con la formaci\u00f3n integral de las y los estudiantes, el desarrollo de competencias profesionales y la vinculaci\u00f3n con el sector productivo, fortaleciendo as\u00ed la proyecci\u00f3n nacional e internacional del talento hidalguense.<\/p><p>Las y los aspirantes pueden consultar los requisitos y realizar el proceso para solicitar su ficha a trav\u00e9s del portal: www.fichas.upfim.edu.mx. La fecha l\u00edmite es hasta el 16 de junio.<\/p><p>La oferta acad\u00e9mica en el \u00e1rea de ingenier\u00edas incluye los programas de Ingenier\u00eda en Tecnolog\u00edas de la Informaci\u00f3n e Innovaci\u00f3n Digital, Ingenier\u00eda Civil, Ingenier\u00eda Financiera, Ingenier\u00eda en Dise\u00f1o Industrial, Ingenier\u00eda en Alimentos, Ingenier\u00eda en Energ\u00eda y Desarrollo Sostenible, Ingenier\u00eda en Producci\u00f3n Animal e Ingenier\u00eda en Agrobiotecnolog\u00eda.<\/p>\t\t\t\t\t\t<\/div>\n\t\t\t\t<\/div>\n\t\t\t\t\t<\/div>\n\t\t<\/div>\n\t\t\t\t\t\t\t<\/div>\n\t\t<\/section>\n\t\t\t\t\t\t\t<\/div>\n\t\t","protected":false},"excerpt":{"rendered":"<p>-Oferta programas de ingenier\u00eda con modelo innovador y opci\u00f3n de doble titulaci\u00f3n en 3 a\u00f1os 4 meses. Pachuca, Hgo., 12 de marzo de 2026.-La Universidad Polit\u00e9cnica de Francisco I. Madero (UPFIM) abri\u00f3 su convocatoria de ingreso 2026, dirigida a estudiantes de nivel medio superior y al p\u00fablico en general interesado en continuar su formaci\u00f3n profesional [&hellip;]<\/p>\n","protected":false},"author":1,"featured_media":106138,"comment_status":"closed","ping_status":"closed","sticky":false,"template":"","format":"standard","meta":[],"categories":[4],"tags":[],"_links":{"self":[{"href":"https:\/\/www.diarionoti7.com.mx\/index.php?rest_route=\/wp\/v2\/posts\/106136"}],"collection":[{"href":"https:\/\/www.diarionoti7.com.mx\/index.php?rest_route=\/wp\/v2\/posts"}],"about":[{"href":"https:\/\/www.diarionoti7.com.mx\/index.php?rest_route=\/wp\/v2\/types\/post"}],"author":[{"embeddable":true,"href":"https:\/\/www.diarionoti7.com.mx\/index.php?rest_route=\/wp\/v2\/users\/1"}],"replies":[{"embeddable":true,"href":"https:\/\/www.diarionoti7.com.mx\/index.php?rest_route=%2Fwp%2Fv2%2Fcomments&post=106136"}],"version-history":[{"count":4,"href":"https:\/\/www.diarionoti7.com.mx\/index.php?rest_route=\/wp\/v2\/posts\/106136\/revisions"}],"predecessor-version":[{"id":106141,"href":"https:\/\/www.diarionoti7.com.mx\/index.php?rest_route=\/wp\/v2\/posts\/106136\/revisions\/106141"}],"wp:featuredmedia":[{"embeddable":true,"href":"https:\/\/www.diarionoti7.com.mx\/index.php?rest_route=\/wp\/v2\/media\/106138"}],"wp:attachment":[{"href":"https:\/\/www.diarionoti7.com.mx\/index.php?rest_route=%2Fwp%2Fv2%2Fmedia&parent=106136"}],"wp:term":[{"taxonomy":"category","embeddable":true,"href":"https:\/\/www.diarionoti7.com.mx\/index.php?rest_route=%2Fwp%2Fv2%2Fcategories&post=106136"},{"taxonomy":"post_tag","embeddable":true,"href":"https:\/\/www.diarionoti7.com.mx\/index.php?rest_route=%2Fwp%2Fv2%2Ftags&post=106136"}],"curies":[{"name":"wp","href":"https:\/\/api.w.org\/{rel}","templated":true}]}}