{"id":106127,"date":"2026-03-13T09:26:18","date_gmt":"2026-03-13T09:26:18","guid":{"rendered":"https:\/\/www.diarionoti7.com.mx\/?p=106127"},"modified":"2026-03-13T17:27:44","modified_gmt":"2026-03-13T17:27:44","slug":"clarinetista-nueva-era-de-mujeres-sinfonicas","status":"publish","type":"post","link":"https:\/\/www.diarionoti7.com.mx\/?p=106127","title":{"rendered":"Clarinetista: nueva era de mujeres sinf\u00f3nicas"},"content":{"rendered":"\t\t<div data-elementor-type=\"wp-post\" data-elementor-id=\"106127\" class=\"elementor elementor-106127\">\n\t\t\t\t\t\t\t\t\t<section class=\"elementor-section elementor-top-section elementor-element elementor-element-c09b8f0 elementor-section-boxed elementor-section-height-default elementor-section-height-default\" data-id=\"c09b8f0\" data-element_type=\"section\">\n\t\t\t\t\t\t<div class=\"elementor-container elementor-column-gap-default\">\n\t\t\t\t\t<div class=\"elementor-column elementor-col-100 elementor-top-column elementor-element elementor-element-955a561\" data-id=\"955a561\" data-element_type=\"column\">\n\t\t\t<div class=\"elementor-widget-wrap elementor-element-populated\">\n\t\t\t\t\t\t\t\t<div class=\"elementor-element elementor-element-0ce869c elementor-widget elementor-widget-text-editor\" data-id=\"0ce869c\" data-element_type=\"widget\" data-widget_type=\"text-editor.default\">\n\t\t\t\t<div class=\"elementor-widget-container\">\n\t\t\t<style>\/*! elementor - v3.10.2 - 29-01-2023 *\/\n.elementor-widget-text-editor.elementor-drop-cap-view-stacked .elementor-drop-cap{background-color:#818a91;color:#fff}.elementor-widget-text-editor.elementor-drop-cap-view-framed .elementor-drop-cap{color:#818a91;border:3px solid;background-color:transparent}.elementor-widget-text-editor:not(.elementor-drop-cap-view-default) .elementor-drop-cap{margin-top:8px}.elementor-widget-text-editor:not(.elementor-drop-cap-view-default) .elementor-drop-cap-letter{width:1em;height:1em}.elementor-widget-text-editor .elementor-drop-cap{float:left;text-align:center;line-height:1;font-size:50px}.elementor-widget-text-editor .elementor-drop-cap-letter{display:inline-block}<\/style>\t\t\t\t<p><strong>-Casandra Quintana es elemento fundamental en la Banda Sinf\u00f3nica del Estado de Hidalgo<\/strong><\/p><p><strong>-Celebrar\u00e1 125 a\u00f1os de la agrupaci\u00f3n en Bellas Artes<\/strong><\/p><p><strong>Pachuca, Hgo., 12 de marzo de 2026.-<\/strong>Casandra Quintana Covarrubias, instrumentista pachuque\u00f1a, tom\u00f3 el camino de la m\u00fasica al quedar atrapada entre sonidos y piezas cl\u00e1sicas que marcaron uno de sus m\u00e1s grandes sue\u00f1os: tocar en vivo con la Banda Sinf\u00f3nica del Estado de Hidalgo.<\/p><p>Especialista en el clarinete, Casandra busca transformar el aire en un momento ac\u00fastico durante el concierto de gala que ofrecer\u00e1 la banda sinf\u00f3nica para conmemorar los 125 a\u00f1os de su creaci\u00f3n en la Sala Principal del majestuoso Palacio de Bellas Artes, el pr\u00f3ximo 21 de marzo.<\/p><p>Quintana Covarrubias, proveniente de una familia de m\u00fasicos, reconoce la influencia que la ha llevado a dedicar siete a\u00f1os de su vida a esta banda, a la que llama \u201cfamilia\u201d.<\/p><p>A partir de los 18 a\u00f1os, comenz\u00f3 a tocar este instrumento. Durante su formaci\u00f3n conoci\u00f3 piezas cl\u00e1sicas, obras que fue descubriendo entre partituras para conectar con el arte y el sonido.<\/p><p>Con o\u00eddo fino, la clarinetista representa a una nueva generaci\u00f3n de m\u00fasicos que integran la Banda Sinf\u00f3nica del Estado de Hidalgo. A sus 23 a\u00f1os, ya forma parte de una agrupaci\u00f3n que re\u00fane a m\u00e1s de 40 integrantes y que es una de las m\u00e1s longevas de Hidalgo, pues su fundaci\u00f3n data de 1901.<\/p><p>\u201cEntr\u00e9 hace siete a\u00f1os. Para m\u00ed es un honor estar aqu\u00ed, representar a la nueva generaci\u00f3n y continuar con el legado de la Banda Sinf\u00f3nica\u201d, coment\u00f3.<\/p><p>Para la joven, conmemorar los 125 a\u00f1os de esta legendaria agrupaci\u00f3n es un orgullo y una consagraci\u00f3n, al pertenecer a una dinast\u00eda de m\u00fasicos que mantiene vivas las tradiciones sonoras representativas de las y los hidalguenses.<\/p><p>Quintana Covarrubias a\u00fan recuerda con cari\u00f1o el primer recital en el que debut\u00f3. Fue con la obertura de la Novena Sinfon\u00eda de Anton\u00edn Dvo\u0159\u00e1k, que reson\u00f3 en el escenario del Teatro San Francisco y que aviv\u00f3 su pasi\u00f3n por el arte musical, as\u00ed como su afinidad con la m\u00fasica de c\u00e1mara.<\/p><p>Asimismo, destac\u00f3 el trabajo que realiza el gobierno de Hidalgo, encabezado por Julio Menchaca Salazar, y resalt\u00f3 su aporte para impulsar y fomentar el arte y la cultura en el estado.<\/p>\t\t\t\t\t\t<\/div>\n\t\t\t\t<\/div>\n\t\t\t\t\t<\/div>\n\t\t<\/div>\n\t\t\t\t\t\t\t<\/div>\n\t\t<\/section>\n\t\t\t\t<section class=\"elementor-section elementor-top-section elementor-element elementor-element-9166d8d elementor-section-boxed elementor-section-height-default elementor-section-height-default\" data-id=\"9166d8d\" data-element_type=\"section\">\n\t\t\t\t\t\t<div class=\"elementor-container elementor-column-gap-default\">\n\t\t\t\t\t<div class=\"elementor-column elementor-col-100 elementor-top-column elementor-element elementor-element-ed468ed\" data-id=\"ed468ed\" data-element_type=\"column\">\n\t\t\t<div class=\"elementor-widget-wrap elementor-element-populated\">\n\t\t\t\t\t\t\t\t<div class=\"elementor-element elementor-element-a996724 elementor-aspect-ratio-169 elementor-widget elementor-widget-video\" data-id=\"a996724\" data-element_type=\"widget\" data-settings=\"{&quot;youtube_url&quot;:&quot;https:\\\/\\\/youtu.be\\\/N5SYj1JHW6g&quot;,&quot;video_type&quot;:&quot;youtube&quot;,&quot;controls&quot;:&quot;yes&quot;,&quot;aspect_ratio&quot;:&quot;169&quot;}\" data-widget_type=\"video.default\">\n\t\t\t\t<div class=\"elementor-widget-container\">\n\t\t\t<style>\/*! elementor - v3.10.2 - 29-01-2023 *\/\n.elementor-widget-video .elementor-widget-container{overflow:hidden;transform:translateZ(0)}.elementor-widget-video .elementor-open-inline .elementor-custom-embed-image-overlay{position:absolute;top:0;left:0;width:100%;height:100%;background-size:cover;background-position:50%}.elementor-widget-video .elementor-custom-embed-image-overlay{cursor:pointer;text-align:center}.elementor-widget-video .elementor-custom-embed-image-overlay:hover .elementor-custom-embed-play i{opacity:1}.elementor-widget-video .elementor-custom-embed-image-overlay img{display:block;width:100%}.elementor-widget-video .e-hosted-video .elementor-video{-o-object-fit:cover;object-fit:cover}.e-con-inner>.elementor-widget-video,.e-con>.elementor-widget-video{width:var(--container-widget-width);--flex-grow:var(--container-widget-flex-grow)}<\/style>\t\t<div class=\"elementor-wrapper elementor-fit-aspect-ratio elementor-open-inline\">\n\t\t\t<div class=\"elementor-video\"><\/div>\t\t<\/div>\n\t\t\t\t<\/div>\n\t\t\t\t<\/div>\n\t\t\t\t\t<\/div>\n\t\t<\/div>\n\t\t\t\t\t\t\t<\/div>\n\t\t<\/section>\n\t\t\t\t\t\t\t<\/div>\n\t\t","protected":false},"excerpt":{"rendered":"<p>-Casandra Quintana es elemento fundamental en la Banda Sinf\u00f3nica del Estado de Hidalgo -Celebrar\u00e1 125 a\u00f1os de la agrupaci\u00f3n en Bellas Artes Pachuca, Hgo., 12 de marzo de 2026.-Casandra Quintana Covarrubias, instrumentista pachuque\u00f1a, tom\u00f3 el camino de la m\u00fasica al quedar atrapada entre sonidos y piezas cl\u00e1sicas que marcaron uno de sus m\u00e1s grandes sue\u00f1os: [&hellip;]<\/p>\n","protected":false},"author":1,"featured_media":106129,"comment_status":"closed","ping_status":"closed","sticky":false,"template":"","format":"standard","meta":[],"categories":[4],"tags":[],"_links":{"self":[{"href":"https:\/\/www.diarionoti7.com.mx\/index.php?rest_route=\/wp\/v2\/posts\/106127"}],"collection":[{"href":"https:\/\/www.diarionoti7.com.mx\/index.php?rest_route=\/wp\/v2\/posts"}],"about":[{"href":"https:\/\/www.diarionoti7.com.mx\/index.php?rest_route=\/wp\/v2\/types\/post"}],"author":[{"embeddable":true,"href":"https:\/\/www.diarionoti7.com.mx\/index.php?rest_route=\/wp\/v2\/users\/1"}],"replies":[{"embeddable":true,"href":"https:\/\/www.diarionoti7.com.mx\/index.php?rest_route=%2Fwp%2Fv2%2Fcomments&post=106127"}],"version-history":[{"count":7,"href":"https:\/\/www.diarionoti7.com.mx\/index.php?rest_route=\/wp\/v2\/posts\/106127\/revisions"}],"predecessor-version":[{"id":106135,"href":"https:\/\/www.diarionoti7.com.mx\/index.php?rest_route=\/wp\/v2\/posts\/106127\/revisions\/106135"}],"wp:featuredmedia":[{"embeddable":true,"href":"https:\/\/www.diarionoti7.com.mx\/index.php?rest_route=\/wp\/v2\/media\/106129"}],"wp:attachment":[{"href":"https:\/\/www.diarionoti7.com.mx\/index.php?rest_route=%2Fwp%2Fv2%2Fmedia&parent=106127"}],"wp:term":[{"taxonomy":"category","embeddable":true,"href":"https:\/\/www.diarionoti7.com.mx\/index.php?rest_route=%2Fwp%2Fv2%2Fcategories&post=106127"},{"taxonomy":"post_tag","embeddable":true,"href":"https:\/\/www.diarionoti7.com.mx\/index.php?rest_route=%2Fwp%2Fv2%2Ftags&post=106127"}],"curies":[{"name":"wp","href":"https:\/\/api.w.org\/{rel}","templated":true}]}}