{"id":106115,"date":"2026-03-13T09:23:32","date_gmt":"2026-03-13T09:23:32","guid":{"rendered":"https:\/\/www.diarionoti7.com.mx\/?p=106115"},"modified":"2026-03-13T17:24:39","modified_gmt":"2026-03-13T17:24:39","slug":"ceaa-inicia-caravanas-preventivas-contra-la-temporada-de-estiaje-en-hidalgo","status":"publish","type":"post","link":"https:\/\/www.diarionoti7.com.mx\/?p=106115","title":{"rendered":"CEAA inicia Caravanas Preventivas contra la Temporada de Estiaje en Hidalgo"},"content":{"rendered":"\t\t<div data-elementor-type=\"wp-post\" data-elementor-id=\"106115\" class=\"elementor elementor-106115\">\n\t\t\t\t\t\t\t\t\t<section class=\"elementor-section elementor-top-section elementor-element elementor-element-c09b8f0 elementor-section-boxed elementor-section-height-default elementor-section-height-default\" data-id=\"c09b8f0\" data-element_type=\"section\">\n\t\t\t\t\t\t<div class=\"elementor-container elementor-column-gap-default\">\n\t\t\t\t\t<div class=\"elementor-column elementor-col-100 elementor-top-column elementor-element elementor-element-955a561\" data-id=\"955a561\" data-element_type=\"column\">\n\t\t\t<div class=\"elementor-widget-wrap elementor-element-populated\">\n\t\t\t\t\t\t\t\t<div class=\"elementor-element elementor-element-0ce869c elementor-widget elementor-widget-text-editor\" data-id=\"0ce869c\" data-element_type=\"widget\" data-widget_type=\"text-editor.default\">\n\t\t\t\t<div class=\"elementor-widget-container\">\n\t\t\t<style>\/*! elementor - v3.10.2 - 29-01-2023 *\/\n.elementor-widget-text-editor.elementor-drop-cap-view-stacked .elementor-drop-cap{background-color:#818a91;color:#fff}.elementor-widget-text-editor.elementor-drop-cap-view-framed .elementor-drop-cap{color:#818a91;border:3px solid;background-color:transparent}.elementor-widget-text-editor:not(.elementor-drop-cap-view-default) .elementor-drop-cap{margin-top:8px}.elementor-widget-text-editor:not(.elementor-drop-cap-view-default) .elementor-drop-cap-letter{width:1em;height:1em}.elementor-widget-text-editor .elementor-drop-cap{float:left;text-align:center;line-height:1;font-size:50px}.elementor-widget-text-editor .elementor-drop-cap-letter{display:inline-block}<\/style>\t\t\t\t<p><strong>-Esta estrategia busca mitigar los efectos de la sequ\u00eda mediante acciones de prevenci\u00f3n, gesti\u00f3n y uso responsable del agua.<\/strong><\/p><p><strong>\u00a0-Participan autoridades municipales, academia y especialistas, para fortalecer la cultura h\u00eddrica y la coordinaci\u00f3n ante el reto del estiaje.<\/strong><\/p><p><strong>Pachuca, Hgo., 12 de marzo de 2026.-<\/strong>La Comisi\u00f3n Estatal del Agua y Alcantarillado (CEAA) dio inicio a las Caravanas Preventivas contra la Temporada de Estiaje en Hidalgo, una iniciativa que busca implementar acciones estrat\u00e9gicas para reducir el impacto de la sequ\u00eda en distintas regiones del estado.<\/p><p>El arranque de estas caravanas se realiz\u00f3 en la Universidad Polit\u00e9cnica de Tulancingo, donde se reunieron autoridades locales y la comunidad estudiantil, en coordinaci\u00f3n con la Comisi\u00f3n de Agua y Alcantarillado del municipio.<\/p><p>Este esfuerzo conjunto tiene como objetivo fortalecer la cultura de la prevenci\u00f3n, a trav\u00e9s de la capacitaci\u00f3n en temas relacionados con la gesti\u00f3n h\u00eddrica, el uso eficiente del agua y la importancia de implementar acciones inmediatas para enfrentar los efectos del estiaje.<\/p><p>Durante la jornada se desarrollaron diversas ponencias especializadas, entre ellas \u201cImportancia de la gesti\u00f3n h\u00eddrica en el estado de Hidalgo\u201d, impartida por Luis Gonzalo Rold\u00e1n Gamero, subdirector de Cultura del Agua de la CEAA, quien destac\u00f3 la necesidad de consolidar una gesti\u00f3n responsable y coordinada del recurso h\u00eddrico.<\/p><p>Asimismo, se present\u00f3 la ponencia \u201cAcu\u00edfero Valle de Tulancingo, estrategias para su estabilizaci\u00f3n\u201d, a cargo de Sonia Sara Ortiz Camacho, gerente operativa del Comit\u00e9 T\u00e9cnico de Aguas Subterr\u00e1neas (COTAS) de Tulancingo, donde se abordaron las acciones necesarias para preservar el equilibrio de este acu\u00edfero y garantizar su sostenibilidad.<\/p><p>Por instrucci\u00f3n del gobernador Julio Menchaca, las Caravanas Preventivas contra la Temporada de Estiaje recorrer\u00e1n diversos municipios del estado con el prop\u00f3sito de acercar informaci\u00f3n, capacitaci\u00f3n y estrategias de prevenci\u00f3n a distintos sectores de la sociedad, priorizando el trabajo coordinado entre gobierno, academia y ciudadan\u00eda.<\/p>\t\t\t\t\t\t<\/div>\n\t\t\t\t<\/div>\n\t\t\t\t\t<\/div>\n\t\t<\/div>\n\t\t\t\t\t\t\t<\/div>\n\t\t<\/section>\n\t\t\t\t\t\t\t<\/div>\n\t\t","protected":false},"excerpt":{"rendered":"<p>-Esta estrategia busca mitigar los efectos de la sequ\u00eda mediante acciones de prevenci\u00f3n, gesti\u00f3n y uso responsable del agua. \u00a0-Participan autoridades municipales, academia y especialistas, para fortalecer la cultura h\u00eddrica y la coordinaci\u00f3n ante el reto del estiaje. Pachuca, Hgo., 12 de marzo de 2026.-La Comisi\u00f3n Estatal del Agua y Alcantarillado (CEAA) dio inicio a [&hellip;]<\/p>\n","protected":false},"author":1,"featured_media":106117,"comment_status":"closed","ping_status":"closed","sticky":false,"template":"","format":"standard","meta":[],"categories":[9],"tags":[],"_links":{"self":[{"href":"https:\/\/www.diarionoti7.com.mx\/index.php?rest_route=\/wp\/v2\/posts\/106115"}],"collection":[{"href":"https:\/\/www.diarionoti7.com.mx\/index.php?rest_route=\/wp\/v2\/posts"}],"about":[{"href":"https:\/\/www.diarionoti7.com.mx\/index.php?rest_route=\/wp\/v2\/types\/post"}],"author":[{"embeddable":true,"href":"https:\/\/www.diarionoti7.com.mx\/index.php?rest_route=\/wp\/v2\/users\/1"}],"replies":[{"embeddable":true,"href":"https:\/\/www.diarionoti7.com.mx\/index.php?rest_route=%2Fwp%2Fv2%2Fcomments&post=106115"}],"version-history":[{"count":4,"href":"https:\/\/www.diarionoti7.com.mx\/index.php?rest_route=\/wp\/v2\/posts\/106115\/revisions"}],"predecessor-version":[{"id":106120,"href":"https:\/\/www.diarionoti7.com.mx\/index.php?rest_route=\/wp\/v2\/posts\/106115\/revisions\/106120"}],"wp:featuredmedia":[{"embeddable":true,"href":"https:\/\/www.diarionoti7.com.mx\/index.php?rest_route=\/wp\/v2\/media\/106117"}],"wp:attachment":[{"href":"https:\/\/www.diarionoti7.com.mx\/index.php?rest_route=%2Fwp%2Fv2%2Fmedia&parent=106115"}],"wp:term":[{"taxonomy":"category","embeddable":true,"href":"https:\/\/www.diarionoti7.com.mx\/index.php?rest_route=%2Fwp%2Fv2%2Fcategories&post=106115"},{"taxonomy":"post_tag","embeddable":true,"href":"https:\/\/www.diarionoti7.com.mx\/index.php?rest_route=%2Fwp%2Fv2%2Ftags&post=106115"}],"curies":[{"name":"wp","href":"https:\/\/api.w.org\/{rel}","templated":true}]}}