{"id":106098,"date":"2026-03-13T09:18:01","date_gmt":"2026-03-13T09:18:01","guid":{"rendered":"https:\/\/www.diarionoti7.com.mx\/?p=106098"},"modified":"2026-03-13T17:19:07","modified_gmt":"2026-03-13T17:19:07","slug":"con-apoyo-del-c5i-aseguran-a-dos-sujetos-generadores-de-violencia-en-la-comunidad-de-santiago-acayutlan","status":"publish","type":"post","link":"https:\/\/www.diarionoti7.com.mx\/?p=106098","title":{"rendered":"Con Apoyo del C5i Aseguran a Dos Sujetos Generadores de Violencia en la comunidad de Santiago Acayutl\u00e1n"},"content":{"rendered":"\t\t<div data-elementor-type=\"wp-post\" data-elementor-id=\"106098\" class=\"elementor elementor-106098\">\n\t\t\t\t\t\t\t\t\t<section class=\"elementor-section elementor-top-section elementor-element elementor-element-c09b8f0 elementor-section-boxed elementor-section-height-default elementor-section-height-default\" data-id=\"c09b8f0\" data-element_type=\"section\">\n\t\t\t\t\t\t<div class=\"elementor-container elementor-column-gap-default\">\n\t\t\t\t\t<div class=\"elementor-column elementor-col-100 elementor-top-column elementor-element elementor-element-955a561\" data-id=\"955a561\" data-element_type=\"column\">\n\t\t\t<div class=\"elementor-widget-wrap elementor-element-populated\">\n\t\t\t\t\t\t\t\t<div class=\"elementor-element elementor-element-0ce869c elementor-widget elementor-widget-text-editor\" data-id=\"0ce869c\" data-element_type=\"widget\" data-widget_type=\"text-editor.default\">\n\t\t\t\t<div class=\"elementor-widget-container\">\n\t\t\t<style>\/*! elementor - v3.10.2 - 29-01-2023 *\/\n.elementor-widget-text-editor.elementor-drop-cap-view-stacked .elementor-drop-cap{background-color:#818a91;color:#fff}.elementor-widget-text-editor.elementor-drop-cap-view-framed .elementor-drop-cap{color:#818a91;border:3px solid;background-color:transparent}.elementor-widget-text-editor:not(.elementor-drop-cap-view-default) .elementor-drop-cap{margin-top:8px}.elementor-widget-text-editor:not(.elementor-drop-cap-view-default) .elementor-drop-cap-letter{width:1em;height:1em}.elementor-widget-text-editor .elementor-drop-cap{float:left;text-align:center;line-height:1;font-size:50px}.elementor-widget-text-editor .elementor-drop-cap-letter{display:inline-block}<\/style>\t\t\t\t<p><strong>Tezontepec de Aldama, Hgo., 12 de marzo de 2026.-<\/strong>Tras el reporte por detonaciones de arma de fuego en el municipio de Tezontepec de Aldama, elementos de la Secretar\u00eda de Seguridad P\u00fablica de Hidalgo (SSPH) lograron la detenci\u00f3n de dos hombres, adem\u00e1s del aseguramiento de un arma corta con cartuchos \u00fatiles, diversas dosis de narc\u00f3ticos y una camioneta con alteraci\u00f3n en sus medios de identificaci\u00f3n.<\/p><p>Los hechos se originaron a partir de trabajos de monitoreo estrat\u00e9gico realizados por el Centro de Control, Comando, Comunicaciones, C\u00f3mputo, Coordinaci\u00f3n e Inteligencia (C5i Hidalgo), desde donde se alert\u00f3 sobre disparos de arma de fuego y se identific\u00f3 un veh\u00edculo presuntamente relacionado con la situaci\u00f3n.<\/p><p>Con base en el reporte, agentes estatales desplegaron acciones de localizaci\u00f3n que permitieron interceptar la unidad en la comunidad de Santiago Acayutl\u00e1n, en el mismo municipio. Durante la intervenci\u00f3n policial y despu\u00e9s de perseguir a los implicados, los sujetos intentaron darse a la fuga, logrando su alcance y detenci\u00f3n.<\/p><p>Derivado de estas diligencias, se aseguraron los indicios antes mencionados, adem\u00e1s de constatar que los medios de identificaci\u00f3n de la camioneta estaban alterados.<\/p><p>Los dos individuos, as\u00ed como el arma, los cartuchos, las sustancias il\u00edcitas y la unidad fueron puestos a disposici\u00f3n de la autoridad ministerial para el desarrollo de las investigaciones.<\/p><p>La SSPH mantiene acciones permanentes de vigilancia, monitoreo estrat\u00e9gico y despliegue policial para atender reportes ciudadanos y fortalecer las condiciones de seguridad en las distintas regiones del estado.<\/p>\t\t\t\t\t\t<\/div>\n\t\t\t\t<\/div>\n\t\t\t\t\t<\/div>\n\t\t<\/div>\n\t\t\t\t\t\t\t<\/div>\n\t\t<\/section>\n\t\t\t\t\t\t\t<\/div>\n\t\t","protected":false},"excerpt":{"rendered":"<p>Tezontepec de Aldama, Hgo., 12 de marzo de 2026.-Tras el reporte por detonaciones de arma de fuego en el municipio de Tezontepec de Aldama, elementos de la Secretar\u00eda de Seguridad P\u00fablica de Hidalgo (SSPH) lograron la detenci\u00f3n de dos hombres, adem\u00e1s del aseguramiento de un arma corta con cartuchos \u00fatiles, diversas dosis de narc\u00f3ticos y [&hellip;]<\/p>\n","protected":false},"author":1,"featured_media":106100,"comment_status":"closed","ping_status":"closed","sticky":false,"template":"","format":"standard","meta":[],"categories":[22],"tags":[],"_links":{"self":[{"href":"https:\/\/www.diarionoti7.com.mx\/index.php?rest_route=\/wp\/v2\/posts\/106098"}],"collection":[{"href":"https:\/\/www.diarionoti7.com.mx\/index.php?rest_route=\/wp\/v2\/posts"}],"about":[{"href":"https:\/\/www.diarionoti7.com.mx\/index.php?rest_route=\/wp\/v2\/types\/post"}],"author":[{"embeddable":true,"href":"https:\/\/www.diarionoti7.com.mx\/index.php?rest_route=\/wp\/v2\/users\/1"}],"replies":[{"embeddable":true,"href":"https:\/\/www.diarionoti7.com.mx\/index.php?rest_route=%2Fwp%2Fv2%2Fcomments&post=106098"}],"version-history":[{"count":4,"href":"https:\/\/www.diarionoti7.com.mx\/index.php?rest_route=\/wp\/v2\/posts\/106098\/revisions"}],"predecessor-version":[{"id":106103,"href":"https:\/\/www.diarionoti7.com.mx\/index.php?rest_route=\/wp\/v2\/posts\/106098\/revisions\/106103"}],"wp:featuredmedia":[{"embeddable":true,"href":"https:\/\/www.diarionoti7.com.mx\/index.php?rest_route=\/wp\/v2\/media\/106100"}],"wp:attachment":[{"href":"https:\/\/www.diarionoti7.com.mx\/index.php?rest_route=%2Fwp%2Fv2%2Fmedia&parent=106098"}],"wp:term":[{"taxonomy":"category","embeddable":true,"href":"https:\/\/www.diarionoti7.com.mx\/index.php?rest_route=%2Fwp%2Fv2%2Fcategories&post=106098"},{"taxonomy":"post_tag","embeddable":true,"href":"https:\/\/www.diarionoti7.com.mx\/index.php?rest_route=%2Fwp%2Fv2%2Ftags&post=106098"}],"curies":[{"name":"wp","href":"https:\/\/api.w.org\/{rel}","templated":true}]}}