{"id":106091,"date":"2026-03-13T09:16:08","date_gmt":"2026-03-13T09:16:08","guid":{"rendered":"https:\/\/www.diarionoti7.com.mx\/?p=106091"},"modified":"2026-03-13T17:17:19","modified_gmt":"2026-03-13T17:17:19","slug":"en-caso-de-emergencia-por-malas-condiciones-meteorologicas-comuniquese-al-911-o-al-566-941-26-06","status":"publish","type":"post","link":"https:\/\/www.diarionoti7.com.mx\/?p=106091","title":{"rendered":"En Caso de Emergencia Por Malas Condiciones Meteorol\u00f3gicas, Comun\u00edquese al 911 O Al 566 941 26 06."},"content":{"rendered":"\t\t<div data-elementor-type=\"wp-post\" data-elementor-id=\"106091\" class=\"elementor elementor-106091\">\n\t\t\t\t\t\t\t\t\t<section class=\"elementor-section elementor-top-section elementor-element elementor-element-c09b8f0 elementor-section-boxed elementor-section-height-default elementor-section-height-default\" data-id=\"c09b8f0\" data-element_type=\"section\">\n\t\t\t\t\t\t<div class=\"elementor-container elementor-column-gap-default\">\n\t\t\t\t\t<div class=\"elementor-column elementor-col-100 elementor-top-column elementor-element elementor-element-955a561\" data-id=\"955a561\" data-element_type=\"column\">\n\t\t\t<div class=\"elementor-widget-wrap elementor-element-populated\">\n\t\t\t\t\t\t\t\t<div class=\"elementor-element elementor-element-0ce869c elementor-widget elementor-widget-text-editor\" data-id=\"0ce869c\" data-element_type=\"widget\" data-widget_type=\"text-editor.default\">\n\t\t\t\t<div class=\"elementor-widget-container\">\n\t\t\t<style>\/*! elementor - v3.10.2 - 29-01-2023 *\/\n.elementor-widget-text-editor.elementor-drop-cap-view-stacked .elementor-drop-cap{background-color:#818a91;color:#fff}.elementor-widget-text-editor.elementor-drop-cap-view-framed .elementor-drop-cap{color:#818a91;border:3px solid;background-color:transparent}.elementor-widget-text-editor:not(.elementor-drop-cap-view-default) .elementor-drop-cap{margin-top:8px}.elementor-widget-text-editor:not(.elementor-drop-cap-view-default) .elementor-drop-cap-letter{width:1em;height:1em}.elementor-widget-text-editor .elementor-drop-cap{float:left;text-align:center;line-height:1;font-size:50px}.elementor-widget-text-editor .elementor-drop-cap-letter{display:inline-block}<\/style>\t\t\t\t<p><strong>Pachuca, Hgo., 12 de marzo de 2026.-<\/strong>La Subsecretar\u00eda de Protecci\u00f3n Civil y Gesti\u00f3n de Riesgos informa que, derivado de las condiciones meteorol\u00f3gicas registradas en la regi\u00f3n del Altiplano hidalguense, donde se presentan rachas de viento que rondan los 46 km\/h, y con el objetivo de salvaguardar la integridad de las y los asistentes, as\u00ed como del personal operativo, se ha determinado\u00a0 suspender evento denominado \u201cRutas de la Transformaci\u00f3n\u201d programado en dicha regi\u00f3n, as\u00ed como la Feria de Servicios y en donde se contar\u00eda con la presencia del gobernador Julio Menchaca Salazar.<\/p><p>Esta decisi\u00f3n se adopta como medida preventiva ante el incremento en la velocidad del viento, ya que estas condiciones pueden generar riesgos asociados al desprendimiento de estructuras ligeras, ca\u00edda de objetos o afectaciones en instalaciones temporales utilizadas para eventos al aire libre.<\/p><p>Asimismo, se informa que el Sistema Estatal de Protecci\u00f3n Civil permanece atento y en permanente monitoreo de las condiciones hidrometeorol\u00f3gicas en Hidalgo, con el fin de evaluar cualquier situaci\u00f3n que pudiera representar un riesgo para la poblaci\u00f3n y poder emitir las recomendaciones correspondientes.<\/p><p>Se exhorta a la ciudadan\u00eda a mantenerse informada a trav\u00e9s de los canales oficiales y atender en todo momento las indicaciones de las autoridades de Protecci\u00f3n Civil.<\/p><p>La prevenci\u00f3n y la coordinaci\u00f3n institucional son fundamentales para reducir riesgos y proteger a la poblaci\u00f3n ante fen\u00f3menos meteorol\u00f3gicos.<\/p><p>La visita del mandatario estatal ser\u00e1 reagendada en pr\u00f3ximas fechas, junto con el resto de actividades que se ten\u00edan programadas para las y los habitantes de la regi\u00f3n.<\/p><p>\u00a0<\/p>\t\t\t\t\t\t<\/div>\n\t\t\t\t<\/div>\n\t\t\t\t\t<\/div>\n\t\t<\/div>\n\t\t\t\t\t\t\t<\/div>\n\t\t<\/section>\n\t\t\t\t\t\t\t<\/div>\n\t\t","protected":false},"excerpt":{"rendered":"<p>Pachuca, Hgo., 12 de marzo de 2026.-La Subsecretar\u00eda de Protecci\u00f3n Civil y Gesti\u00f3n de Riesgos informa que, derivado de las condiciones meteorol\u00f3gicas registradas en la regi\u00f3n del Altiplano hidalguense, donde se presentan rachas de viento que rondan los 46 km\/h, y con el objetivo de salvaguardar la integridad de las y los asistentes, as\u00ed como [&hellip;]<\/p>\n","protected":false},"author":1,"featured_media":106094,"comment_status":"closed","ping_status":"closed","sticky":false,"template":"","format":"standard","meta":[],"categories":[22],"tags":[],"_links":{"self":[{"href":"https:\/\/www.diarionoti7.com.mx\/index.php?rest_route=\/wp\/v2\/posts\/106091"}],"collection":[{"href":"https:\/\/www.diarionoti7.com.mx\/index.php?rest_route=\/wp\/v2\/posts"}],"about":[{"href":"https:\/\/www.diarionoti7.com.mx\/index.php?rest_route=\/wp\/v2\/types\/post"}],"author":[{"embeddable":true,"href":"https:\/\/www.diarionoti7.com.mx\/index.php?rest_route=\/wp\/v2\/users\/1"}],"replies":[{"embeddable":true,"href":"https:\/\/www.diarionoti7.com.mx\/index.php?rest_route=%2Fwp%2Fv2%2Fcomments&post=106091"}],"version-history":[{"count":4,"href":"https:\/\/www.diarionoti7.com.mx\/index.php?rest_route=\/wp\/v2\/posts\/106091\/revisions"}],"predecessor-version":[{"id":106097,"href":"https:\/\/www.diarionoti7.com.mx\/index.php?rest_route=\/wp\/v2\/posts\/106091\/revisions\/106097"}],"wp:featuredmedia":[{"embeddable":true,"href":"https:\/\/www.diarionoti7.com.mx\/index.php?rest_route=\/wp\/v2\/media\/106094"}],"wp:attachment":[{"href":"https:\/\/www.diarionoti7.com.mx\/index.php?rest_route=%2Fwp%2Fv2%2Fmedia&parent=106091"}],"wp:term":[{"taxonomy":"category","embeddable":true,"href":"https:\/\/www.diarionoti7.com.mx\/index.php?rest_route=%2Fwp%2Fv2%2Fcategories&post=106091"},{"taxonomy":"post_tag","embeddable":true,"href":"https:\/\/www.diarionoti7.com.mx\/index.php?rest_route=%2Fwp%2Fv2%2Ftags&post=106091"}],"curies":[{"name":"wp","href":"https:\/\/api.w.org\/{rel}","templated":true}]}}