{"id":106069,"date":"2026-03-12T09:59:58","date_gmt":"2026-03-12T09:59:58","guid":{"rendered":"https:\/\/www.diarionoti7.com.mx\/?p=106069"},"modified":"2026-03-12T18:01:08","modified_gmt":"2026-03-12T18:01:08","slug":"gobierno-de-hidalgo-fortalece-cooperacion-con-sudafrica-rumbo-al-mundial-2026","status":"publish","type":"post","link":"https:\/\/www.diarionoti7.com.mx\/?p=106069","title":{"rendered":".Gobierno de Hidalgo fortalece cooperaci\u00f3n con Sud\u00e1frica rumbo al Mundial 2026"},"content":{"rendered":"\t\t<div data-elementor-type=\"wp-post\" data-elementor-id=\"106069\" class=\"elementor elementor-106069\">\n\t\t\t\t\t\t\t\t\t<section class=\"elementor-section elementor-top-section elementor-element elementor-element-c09b8f0 elementor-section-boxed elementor-section-height-default elementor-section-height-default\" data-id=\"c09b8f0\" data-element_type=\"section\">\n\t\t\t\t\t\t<div class=\"elementor-container elementor-column-gap-default\">\n\t\t\t\t\t<div class=\"elementor-column elementor-col-100 elementor-top-column elementor-element elementor-element-955a561\" data-id=\"955a561\" data-element_type=\"column\">\n\t\t\t<div class=\"elementor-widget-wrap elementor-element-populated\">\n\t\t\t\t\t\t\t\t<div class=\"elementor-element elementor-element-0ce869c elementor-widget elementor-widget-text-editor\" data-id=\"0ce869c\" data-element_type=\"widget\" data-widget_type=\"text-editor.default\">\n\t\t\t\t<div class=\"elementor-widget-container\">\n\t\t\t<style>\/*! elementor - v3.10.2 - 29-01-2023 *\/\n.elementor-widget-text-editor.elementor-drop-cap-view-stacked .elementor-drop-cap{background-color:#818a91;color:#fff}.elementor-widget-text-editor.elementor-drop-cap-view-framed .elementor-drop-cap{color:#818a91;border:3px solid;background-color:transparent}.elementor-widget-text-editor:not(.elementor-drop-cap-view-default) .elementor-drop-cap{margin-top:8px}.elementor-widget-text-editor:not(.elementor-drop-cap-view-default) .elementor-drop-cap-letter{width:1em;height:1em}.elementor-widget-text-editor .elementor-drop-cap{float:left;text-align:center;line-height:1;font-size:50px}.elementor-widget-text-editor .elementor-drop-cap-letter{display:inline-block}<\/style>\t\t\t\t<p>Pachuca, Hgo., 11 de marzo de 2026.-\u00a0En el marco de la designaci\u00f3n de Pachuca como campamento base de la selecci\u00f3n de Sud\u00e1frica para el Mundial de Futbol 2026, el gobernador Julio Menchaca Salazar sostuvo una reuni\u00f3n con la embajadora de la Rep\u00fablica de Sud\u00e1frica en M\u00e9xico, Beryl Rose Sisulu, con el objetivo de fortalecer la relaci\u00f3n institucional y de cooperaci\u00f3n internacional.<\/p><p>Durante el encuentro, el titular del Ejecutivo estatal enfatiz\u00f3 que Hidalgo tiene sus puertas abiertas para la selecci\u00f3n sudafricana, as\u00ed como para todas las personas que visiten nuestro pa\u00eds con motivo de esta justa, recordando que la entidad cuenta con una variedad de atractivos, entre ellos su gastronom\u00eda, cultura y tradiciones.<\/p><p>En ese sentido, Menchaca Salazar indic\u00f3 que el gobierno de Hidalgo, a trav\u00e9s de la Secretar\u00eda de Turismo, trabaja para generar nuevas oportunidades de promoci\u00f3n tur\u00edstica, que consoliden al estado como un destino para visitantes internacionales.<\/p>\t\t\t\t\t\t<\/div>\n\t\t\t\t<\/div>\n\t\t\t\t\t<\/div>\n\t\t<\/div>\n\t\t\t\t\t\t\t<\/div>\n\t\t<\/section>\n\t\t\t\t\t\t\t<\/div>\n\t\t","protected":false},"excerpt":{"rendered":"<p>Pachuca, Hgo., 11 de marzo de 2026.-\u00a0En el marco de la designaci\u00f3n de Pachuca como campamento base de la selecci\u00f3n de Sud\u00e1frica para el Mundial de Futbol 2026, el gobernador Julio Menchaca Salazar sostuvo una reuni\u00f3n con la embajadora de la Rep\u00fablica de Sud\u00e1frica en M\u00e9xico, Beryl Rose Sisulu, con el objetivo de fortalecer la [&hellip;]<\/p>\n","protected":false},"author":1,"featured_media":106071,"comment_status":"closed","ping_status":"closed","sticky":false,"template":"","format":"standard","meta":[],"categories":[7],"tags":[],"_links":{"self":[{"href":"https:\/\/www.diarionoti7.com.mx\/index.php?rest_route=\/wp\/v2\/posts\/106069"}],"collection":[{"href":"https:\/\/www.diarionoti7.com.mx\/index.php?rest_route=\/wp\/v2\/posts"}],"about":[{"href":"https:\/\/www.diarionoti7.com.mx\/index.php?rest_route=\/wp\/v2\/types\/post"}],"author":[{"embeddable":true,"href":"https:\/\/www.diarionoti7.com.mx\/index.php?rest_route=\/wp\/v2\/users\/1"}],"replies":[{"embeddable":true,"href":"https:\/\/www.diarionoti7.com.mx\/index.php?rest_route=%2Fwp%2Fv2%2Fcomments&post=106069"}],"version-history":[{"count":4,"href":"https:\/\/www.diarionoti7.com.mx\/index.php?rest_route=\/wp\/v2\/posts\/106069\/revisions"}],"predecessor-version":[{"id":106074,"href":"https:\/\/www.diarionoti7.com.mx\/index.php?rest_route=\/wp\/v2\/posts\/106069\/revisions\/106074"}],"wp:featuredmedia":[{"embeddable":true,"href":"https:\/\/www.diarionoti7.com.mx\/index.php?rest_route=\/wp\/v2\/media\/106071"}],"wp:attachment":[{"href":"https:\/\/www.diarionoti7.com.mx\/index.php?rest_route=%2Fwp%2Fv2%2Fmedia&parent=106069"}],"wp:term":[{"taxonomy":"category","embeddable":true,"href":"https:\/\/www.diarionoti7.com.mx\/index.php?rest_route=%2Fwp%2Fv2%2Fcategories&post=106069"},{"taxonomy":"post_tag","embeddable":true,"href":"https:\/\/www.diarionoti7.com.mx\/index.php?rest_route=%2Fwp%2Fv2%2Ftags&post=106069"}],"curies":[{"name":"wp","href":"https:\/\/api.w.org\/{rel}","templated":true}]}}