{"id":106051,"date":"2026-03-12T09:53:11","date_gmt":"2026-03-12T09:53:11","guid":{"rendered":"https:\/\/www.diarionoti7.com.mx\/?p=106051"},"modified":"2026-03-12T17:55:14","modified_gmt":"2026-03-12T17:55:14","slug":"la-iniciativa-de-ley-de-proteccion-a-periodistas-fue-retirada-por-inconformidades-del-gremio-periodistico","status":"publish","type":"post","link":"https:\/\/www.diarionoti7.com.mx\/?p=106051","title":{"rendered":"La iniciativa de Ley de Protecci\u00f3n a Periodistas Fue Retirada por Inconformidades del Gremio Period\u00edstico"},"content":{"rendered":"\t\t<div data-elementor-type=\"wp-post\" data-elementor-id=\"106051\" class=\"elementor elementor-106051\">\n\t\t\t\t\t\t\t\t\t<section class=\"elementor-section elementor-top-section elementor-element elementor-element-c09b8f0 elementor-section-boxed elementor-section-height-default elementor-section-height-default\" data-id=\"c09b8f0\" data-element_type=\"section\">\n\t\t\t\t\t\t<div class=\"elementor-container elementor-column-gap-default\">\n\t\t\t\t\t<div class=\"elementor-column elementor-col-100 elementor-top-column elementor-element elementor-element-955a561\" data-id=\"955a561\" data-element_type=\"column\">\n\t\t\t<div class=\"elementor-widget-wrap elementor-element-populated\">\n\t\t\t\t\t\t\t\t<div class=\"elementor-element elementor-element-0ce869c elementor-widget elementor-widget-text-editor\" data-id=\"0ce869c\" data-element_type=\"widget\" data-widget_type=\"text-editor.default\">\n\t\t\t\t<div class=\"elementor-widget-container\">\n\t\t\t<style>\/*! elementor - v3.10.2 - 29-01-2023 *\/\n.elementor-widget-text-editor.elementor-drop-cap-view-stacked .elementor-drop-cap{background-color:#818a91;color:#fff}.elementor-widget-text-editor.elementor-drop-cap-view-framed .elementor-drop-cap{color:#818a91;border:3px solid;background-color:transparent}.elementor-widget-text-editor:not(.elementor-drop-cap-view-default) .elementor-drop-cap{margin-top:8px}.elementor-widget-text-editor:not(.elementor-drop-cap-view-default) .elementor-drop-cap-letter{width:1em;height:1em}.elementor-widget-text-editor .elementor-drop-cap{float:left;text-align:center;line-height:1;font-size:50px}.elementor-widget-text-editor .elementor-drop-cap-letter{display:inline-block}<\/style>\t\t\t\t<p><strong>Pachuca, Hgo. 11 de marzo 2026.- <\/strong>La iniciativa de Ley de Protecci\u00f3n a Periodistas que se ten\u00eda prevista discutir en el Congreso de Hidalgo fue retirada del orden del d\u00eda de la sesi\u00f3n del 10 de marzo, luego de inconformidades expresadas por integrantes del gremio period\u00edstico.<\/p><p>El presidente de la Junta de Gobierno del Congreso local, Andr\u00e9s Vel\u00e1zquez V\u00e1zquez, explic\u00f3 que la decisi\u00f3n corresponde a la autora de la propuesta, la diputada Tania Meza Escorza, y forma parte de los procedimientos legislativos.<\/p><p>El legislador se\u00f1al\u00f3 que cuando una iniciativa no re\u00fane las condiciones necesarias para avanzar, lo m\u00e1s conveniente es retirarla temporalmente.\u00a0<\/p><p>\u201cSi una iniciativa no re\u00fane las condiciones, incluso para una persona, lo mejor es desistir\u201d, expres\u00f3. Indic\u00f3 que el proyecto podr\u00eda retomarse posteriormente para continuar su an\u00e1lisis en el Congreso.<\/p>\t\t\t\t\t\t<\/div>\n\t\t\t\t<\/div>\n\t\t\t\t\t<\/div>\n\t\t<\/div>\n\t\t\t\t\t\t\t<\/div>\n\t\t<\/section>\n\t\t\t\t\t\t\t<\/div>\n\t\t","protected":false},"excerpt":{"rendered":"<p>Pachuca, Hgo. 11 de marzo 2026.- La iniciativa de Ley de Protecci\u00f3n a Periodistas que se ten\u00eda prevista discutir en el Congreso de Hidalgo fue retirada del orden del d\u00eda de la sesi\u00f3n del 10 de marzo, luego de inconformidades expresadas por integrantes del gremio period\u00edstico. El presidente de la Junta de Gobierno del Congreso [&hellip;]<\/p>\n","protected":false},"author":1,"featured_media":106053,"comment_status":"closed","ping_status":"closed","sticky":false,"template":"","format":"standard","meta":[],"categories":[3],"tags":[],"_links":{"self":[{"href":"https:\/\/www.diarionoti7.com.mx\/index.php?rest_route=\/wp\/v2\/posts\/106051"}],"collection":[{"href":"https:\/\/www.diarionoti7.com.mx\/index.php?rest_route=\/wp\/v2\/posts"}],"about":[{"href":"https:\/\/www.diarionoti7.com.mx\/index.php?rest_route=\/wp\/v2\/types\/post"}],"author":[{"embeddable":true,"href":"https:\/\/www.diarionoti7.com.mx\/index.php?rest_route=\/wp\/v2\/users\/1"}],"replies":[{"embeddable":true,"href":"https:\/\/www.diarionoti7.com.mx\/index.php?rest_route=%2Fwp%2Fv2%2Fcomments&post=106051"}],"version-history":[{"count":4,"href":"https:\/\/www.diarionoti7.com.mx\/index.php?rest_route=\/wp\/v2\/posts\/106051\/revisions"}],"predecessor-version":[{"id":106056,"href":"https:\/\/www.diarionoti7.com.mx\/index.php?rest_route=\/wp\/v2\/posts\/106051\/revisions\/106056"}],"wp:featuredmedia":[{"embeddable":true,"href":"https:\/\/www.diarionoti7.com.mx\/index.php?rest_route=\/wp\/v2\/media\/106053"}],"wp:attachment":[{"href":"https:\/\/www.diarionoti7.com.mx\/index.php?rest_route=%2Fwp%2Fv2%2Fmedia&parent=106051"}],"wp:term":[{"taxonomy":"category","embeddable":true,"href":"https:\/\/www.diarionoti7.com.mx\/index.php?rest_route=%2Fwp%2Fv2%2Fcategories&post=106051"},{"taxonomy":"post_tag","embeddable":true,"href":"https:\/\/www.diarionoti7.com.mx\/index.php?rest_route=%2Fwp%2Fv2%2Ftags&post=106051"}],"curies":[{"name":"wp","href":"https:\/\/api.w.org\/{rel}","templated":true}]}}