{"id":106022,"date":"2026-03-12T09:38:37","date_gmt":"2026-03-12T09:38:37","guid":{"rendered":"https:\/\/www.diarionoti7.com.mx\/?p=106022"},"modified":"2026-03-12T17:39:59","modified_gmt":"2026-03-12T17:39:59","slug":"bailarines-de-tlaxcala-y-queretaro-se-presentaran-en-atlapexco","status":"publish","type":"post","link":"https:\/\/www.diarionoti7.com.mx\/?p=106022","title":{"rendered":"Bailarines de Tlaxcala y Quer\u00e9taro se presentar\u00e1n en Atlapexco"},"content":{"rendered":"\t\t<div data-elementor-type=\"wp-post\" data-elementor-id=\"106022\" class=\"elementor elementor-106022\">\n\t\t\t\t\t\t\t\t\t<section class=\"elementor-section elementor-top-section elementor-element elementor-element-c09b8f0 elementor-section-boxed elementor-section-height-default elementor-section-height-default\" data-id=\"c09b8f0\" data-element_type=\"section\">\n\t\t\t\t\t\t<div class=\"elementor-container elementor-column-gap-default\">\n\t\t\t\t\t<div class=\"elementor-column elementor-col-100 elementor-top-column elementor-element elementor-element-955a561\" data-id=\"955a561\" data-element_type=\"column\">\n\t\t\t<div class=\"elementor-widget-wrap elementor-element-populated\">\n\t\t\t\t\t\t\t\t<div class=\"elementor-element elementor-element-0ce869c elementor-widget elementor-widget-text-editor\" data-id=\"0ce869c\" data-element_type=\"widget\" data-widget_type=\"text-editor.default\">\n\t\t\t\t<div class=\"elementor-widget-container\">\n\t\t\t<style>\/*! elementor - v3.10.2 - 29-01-2023 *\/\n.elementor-widget-text-editor.elementor-drop-cap-view-stacked .elementor-drop-cap{background-color:#818a91;color:#fff}.elementor-widget-text-editor.elementor-drop-cap-view-framed .elementor-drop-cap{color:#818a91;border:3px solid;background-color:transparent}.elementor-widget-text-editor:not(.elementor-drop-cap-view-default) .elementor-drop-cap{margin-top:8px}.elementor-widget-text-editor:not(.elementor-drop-cap-view-default) .elementor-drop-cap-letter{width:1em;height:1em}.elementor-widget-text-editor .elementor-drop-cap{float:left;text-align:center;line-height:1;font-size:50px}.elementor-widget-text-editor .elementor-drop-cap-letter{display:inline-block}<\/style>\t\t\t\t<p><strong>&#8211; Derivado de un convenio con los estado del centro, la Secretar\u00eda de Cultura gestiona estos intercambios. <\/strong><\/p><p><strong>Pachuca, Hgo., 11 de marzo de 2026.-<\/strong>La secretaria de Cultura Neyda Naranjo Baltazar firm\u00f3 un convenio marco de Colaboraci\u00f3n Cultural de los Estados de la Regi\u00f3n Centro, el cual establece las bases para desarrollar de manera conjunta presentaciones art\u00edsticas, conciertos, talleres, exposiciones y diversas acciones de promoci\u00f3n cultural, as\u00ed como para la preservaci\u00f3n y difusi\u00f3n del patrimonio cultural material e inmaterial.<\/p><p>En dicho acuerdo participan Ciudad de M\u00e9xico, Morelos, Puebla, Tlaxcala, Veracruz, Estado de M\u00e9xico e Hidalgo y la vigencia que se extiende hasta el 30 de agosto de 2027, periodo donde las entidades generar\u00e1n los v\u00ednculos que fortalezcan las relaciones institucionaes y promuevan el talento de los grupos locales, un tema de gran relevancia para el gobernador Julio Menchaca Salazar.<\/p><p>Derivado de ese convenio y por gestiones de la Secretar\u00eda de Cultura de Hidalgo, los ballets folkl\u00f3ricos provenientes de Tlaxcala y Quer\u00e9taro participar\u00e1n en la Fiesta Patronal de Atlapexco en honor a San Jos\u00e9 2026, que se llevar\u00e1 a cabo del 12 al 19 de marzo, con un programa cultural, art\u00edstico, deportivo y religioso que resalta la riqueza de las tradiciones de la regi\u00f3n.<\/p><p>El programa contempla concursos tradicionales, encuentros de bandas de viento, presentaciones de ballets folkl\u00f3ricos, exposiciones gastron\u00f3micas y artesanales, as\u00ed como actividades deportivas y bailes populares que fortalecen la convivencia y la preservaci\u00f3n de las costumbres locales.<\/p><p>Adem\u00e1s, se instalar\u00e1 una expo-venta gastron\u00f3mica y artesanal que permitir\u00e1 a los visitantes degustar platillos t\u00edpicos de la regi\u00f3n y conocer el trabajo de las y los productores locales.<\/p><p>Con acciones de colaboraci\u00f3n como est\u00e1 el gobierno de Hidalgoimpulsa la difusi\u00f3n de las tradiciones y el intercambio cultural entre entidades, promoviendo que las expresiones art\u00edsticas y comunitarias dialoguen con otras regiones del pa\u00eds.<\/p>\t\t\t\t\t\t<\/div>\n\t\t\t\t<\/div>\n\t\t\t\t\t<\/div>\n\t\t<\/div>\n\t\t\t\t\t\t\t<\/div>\n\t\t<\/section>\n\t\t\t\t\t\t\t<\/div>\n\t\t","protected":false},"excerpt":{"rendered":"<p>&#8211; Derivado de un convenio con los estado del centro, la Secretar\u00eda de Cultura gestiona estos intercambios. Pachuca, Hgo., 11 de marzo de 2026.-La secretaria de Cultura Neyda Naranjo Baltazar firm\u00f3 un convenio marco de Colaboraci\u00f3n Cultural de los Estados de la Regi\u00f3n Centro, el cual establece las bases para desarrollar de manera conjunta presentaciones [&hellip;]<\/p>\n","protected":false},"author":1,"featured_media":106024,"comment_status":"closed","ping_status":"closed","sticky":false,"template":"","format":"standard","meta":[],"categories":[4],"tags":[],"_links":{"self":[{"href":"https:\/\/www.diarionoti7.com.mx\/index.php?rest_route=\/wp\/v2\/posts\/106022"}],"collection":[{"href":"https:\/\/www.diarionoti7.com.mx\/index.php?rest_route=\/wp\/v2\/posts"}],"about":[{"href":"https:\/\/www.diarionoti7.com.mx\/index.php?rest_route=\/wp\/v2\/types\/post"}],"author":[{"embeddable":true,"href":"https:\/\/www.diarionoti7.com.mx\/index.php?rest_route=\/wp\/v2\/users\/1"}],"replies":[{"embeddable":true,"href":"https:\/\/www.diarionoti7.com.mx\/index.php?rest_route=%2Fwp%2Fv2%2Fcomments&post=106022"}],"version-history":[{"count":4,"href":"https:\/\/www.diarionoti7.com.mx\/index.php?rest_route=\/wp\/v2\/posts\/106022\/revisions"}],"predecessor-version":[{"id":106027,"href":"https:\/\/www.diarionoti7.com.mx\/index.php?rest_route=\/wp\/v2\/posts\/106022\/revisions\/106027"}],"wp:featuredmedia":[{"embeddable":true,"href":"https:\/\/www.diarionoti7.com.mx\/index.php?rest_route=\/wp\/v2\/media\/106024"}],"wp:attachment":[{"href":"https:\/\/www.diarionoti7.com.mx\/index.php?rest_route=%2Fwp%2Fv2%2Fmedia&parent=106022"}],"wp:term":[{"taxonomy":"category","embeddable":true,"href":"https:\/\/www.diarionoti7.com.mx\/index.php?rest_route=%2Fwp%2Fv2%2Fcategories&post=106022"},{"taxonomy":"post_tag","embeddable":true,"href":"https:\/\/www.diarionoti7.com.mx\/index.php?rest_route=%2Fwp%2Fv2%2Ftags&post=106022"}],"curies":[{"name":"wp","href":"https:\/\/api.w.org\/{rel}","templated":true}]}}