{"id":106014,"date":"2026-03-12T09:35:21","date_gmt":"2026-03-12T09:35:21","guid":{"rendered":"https:\/\/www.diarionoti7.com.mx\/?p=106014"},"modified":"2026-03-12T17:38:25","modified_gmt":"2026-03-12T17:38:25","slug":"seph-destaca-aporte-de-la-uaeh-al-desarrollo-academico-y-social","status":"publish","type":"post","link":"https:\/\/www.diarionoti7.com.mx\/?p=106014","title":{"rendered":"SEPH Destaca Aporte de la  UAEH al Desarrollo Acad\u00e9mico y Social"},"content":{"rendered":"\t\t<div data-elementor-type=\"wp-post\" data-elementor-id=\"106014\" class=\"elementor elementor-106014\">\n\t\t\t\t\t\t\t\t\t<section class=\"elementor-section elementor-top-section elementor-element elementor-element-c09b8f0 elementor-section-boxed elementor-section-height-default elementor-section-height-default\" data-id=\"c09b8f0\" data-element_type=\"section\">\n\t\t\t\t\t\t<div class=\"elementor-container elementor-column-gap-default\">\n\t\t\t\t\t<div class=\"elementor-column elementor-col-100 elementor-top-column elementor-element elementor-element-955a561\" data-id=\"955a561\" data-element_type=\"column\">\n\t\t\t<div class=\"elementor-widget-wrap elementor-element-populated\">\n\t\t\t\t\t\t\t\t<div class=\"elementor-element elementor-element-0ce869c elementor-widget elementor-widget-text-editor\" data-id=\"0ce869c\" data-element_type=\"widget\" data-widget_type=\"text-editor.default\">\n\t\t\t\t<div class=\"elementor-widget-container\">\n\t\t\t<style>\/*! elementor - v3.10.2 - 29-01-2023 *\/\n.elementor-widget-text-editor.elementor-drop-cap-view-stacked .elementor-drop-cap{background-color:#818a91;color:#fff}.elementor-widget-text-editor.elementor-drop-cap-view-framed .elementor-drop-cap{color:#818a91;border:3px solid;background-color:transparent}.elementor-widget-text-editor:not(.elementor-drop-cap-view-default) .elementor-drop-cap{margin-top:8px}.elementor-widget-text-editor:not(.elementor-drop-cap-view-default) .elementor-drop-cap-letter{width:1em;height:1em}.elementor-widget-text-editor .elementor-drop-cap{float:left;text-align:center;line-height:1;font-size:50px}.elementor-widget-text-editor .elementor-drop-cap-letter{display:inline-block}<\/style>\t\t\t\t<p><strong>*Actualmente, Hidalgo ocupa el noveno lugar a nivel nacional en cobertura de educaci\u00f3n superior<\/strong><\/p><p>Pachuca, Hgo. 11 de marzo 2026.- \u00a0Durante su visita a la Universidad Aut\u00f3noma del Estado de Hidalgo (UAEH), y en compa\u00f1\u00eda del rector Octavio Castillo Acosta y Lidia Garc\u00eda Anaya, presidenta del Patronato Universitario, Natividad Castrej\u00f3n Valdez, secretario de Educaci\u00f3n P\u00fablica de Hidalgo (SEPH), se\u00f1al\u00f3 que las instituciones de educaci\u00f3n superior deben ser entes activos en el crecimiento acad\u00e9mico, econ\u00f3mico y social del estado, que brinden al alumnado las herramientas necesarias para desenvolverse de manera \u00f3ptima.<\/p><p>El funcionario estatal reconoci\u00f3 a esta casa de estudios por su aporte al desarrollo de la entidad y por sus d\u00e9cadas de trabajo formativo, al entregar profesionales capaces, preocupados por su entorno y que ponen sus conocimientos al servicio de la sociedad. Asimismo, enfatiz\u00f3 que, gracias al trabajo colaborativo entre las instituciones p\u00fablicas y privadas de la regi\u00f3n, Hidalgo cuenta con un sistema educativo s\u00f3lido.<\/p><p>\u201cActualmente, es mayor el n\u00famero de j\u00f3venes que tienen acceso a una carrera universitaria. Si bien la cobertura es una tarea fundamental, nuestro enfoque debe avanzar hacia la conclusi\u00f3n exitosa de los estudios. Hoy ocupamos el noveno lugar a nivel nacional en este indicador en el nivel superior y una eficiencia terminal del 76 %, lo que consolida nuestro progreso\u201d.<\/p><p>En su participaci\u00f3n dentro del programa <em>Di\u00e1logos Universitarios<\/em> del Sistema Universitario de Medios Aut\u00f3nomos (SUMA), Castrej\u00f3n Valdez destac\u00f3 la relevancia de conocer la realidad que acompa\u00f1a la formaci\u00f3n acad\u00e9mica, pues las condiciones sociales, econ\u00f3micas y familiares pueden influir en las y los estudiantes, por lo cual resulta esencial impartir el conocimiento desde un enfoque humano.<\/p><p>\u201cDebemos educar de manera integral, con autonom\u00eda y libertad de c\u00e1tedra para adecuar los programas educativos a los diferentes entornos, fomentando un pensamiento cr\u00edtico y cuestionando los paradigmas establecidos para que las nuevas generaciones puedan afrontar y superar los retos de su tiempo\u201d.<\/p>\t\t\t\t\t\t<\/div>\n\t\t\t\t<\/div>\n\t\t\t\t\t<\/div>\n\t\t<\/div>\n\t\t\t\t\t\t\t<\/div>\n\t\t<\/section>\n\t\t\t\t\t\t\t<\/div>\n\t\t","protected":false},"excerpt":{"rendered":"<p>*Actualmente, Hidalgo ocupa el noveno lugar a nivel nacional en cobertura de educaci\u00f3n superior Pachuca, Hgo. 11 de marzo 2026.- \u00a0Durante su visita a la Universidad Aut\u00f3noma del Estado de Hidalgo (UAEH), y en compa\u00f1\u00eda del rector Octavio Castillo Acosta y Lidia Garc\u00eda Anaya, presidenta del Patronato Universitario, Natividad Castrej\u00f3n Valdez, secretario de Educaci\u00f3n P\u00fablica [&hellip;]<\/p>\n","protected":false},"author":1,"featured_media":106016,"comment_status":"closed","ping_status":"closed","sticky":false,"template":"","format":"standard","meta":[],"categories":[4],"tags":[],"_links":{"self":[{"href":"https:\/\/www.diarionoti7.com.mx\/index.php?rest_route=\/wp\/v2\/posts\/106014"}],"collection":[{"href":"https:\/\/www.diarionoti7.com.mx\/index.php?rest_route=\/wp\/v2\/posts"}],"about":[{"href":"https:\/\/www.diarionoti7.com.mx\/index.php?rest_route=\/wp\/v2\/types\/post"}],"author":[{"embeddable":true,"href":"https:\/\/www.diarionoti7.com.mx\/index.php?rest_route=\/wp\/v2\/users\/1"}],"replies":[{"embeddable":true,"href":"https:\/\/www.diarionoti7.com.mx\/index.php?rest_route=%2Fwp%2Fv2%2Fcomments&post=106014"}],"version-history":[{"count":6,"href":"https:\/\/www.diarionoti7.com.mx\/index.php?rest_route=\/wp\/v2\/posts\/106014\/revisions"}],"predecessor-version":[{"id":106021,"href":"https:\/\/www.diarionoti7.com.mx\/index.php?rest_route=\/wp\/v2\/posts\/106014\/revisions\/106021"}],"wp:featuredmedia":[{"embeddable":true,"href":"https:\/\/www.diarionoti7.com.mx\/index.php?rest_route=\/wp\/v2\/media\/106016"}],"wp:attachment":[{"href":"https:\/\/www.diarionoti7.com.mx\/index.php?rest_route=%2Fwp%2Fv2%2Fmedia&parent=106014"}],"wp:term":[{"taxonomy":"category","embeddable":true,"href":"https:\/\/www.diarionoti7.com.mx\/index.php?rest_route=%2Fwp%2Fv2%2Fcategories&post=106014"},{"taxonomy":"post_tag","embeddable":true,"href":"https:\/\/www.diarionoti7.com.mx\/index.php?rest_route=%2Fwp%2Fv2%2Ftags&post=106014"}],"curies":[{"name":"wp","href":"https:\/\/api.w.org\/{rel}","templated":true}]}}