{"id":105969,"date":"2026-03-12T09:24:13","date_gmt":"2026-03-12T09:24:13","guid":{"rendered":"https:\/\/www.diarionoti7.com.mx\/?p=105969"},"modified":"2026-03-12T17:25:08","modified_gmt":"2026-03-12T17:25:08","slug":"saderh-dialoga-con-sector-lechero-del-valle-de-tulacingo","status":"publish","type":"post","link":"https:\/\/www.diarionoti7.com.mx\/?p=105969","title":{"rendered":"Saderh dialoga con sector lechero del Valle de Tulacingo"},"content":{"rendered":"\t\t<div data-elementor-type=\"wp-post\" data-elementor-id=\"105969\" class=\"elementor elementor-105969\">\n\t\t\t\t\t\t\t\t\t<section class=\"elementor-section elementor-top-section elementor-element elementor-element-c09b8f0 elementor-section-boxed elementor-section-height-default elementor-section-height-default\" data-id=\"c09b8f0\" data-element_type=\"section\">\n\t\t\t\t\t\t<div class=\"elementor-container elementor-column-gap-default\">\n\t\t\t\t\t<div class=\"elementor-column elementor-col-100 elementor-top-column elementor-element elementor-element-955a561\" data-id=\"955a561\" data-element_type=\"column\">\n\t\t\t<div class=\"elementor-widget-wrap elementor-element-populated\">\n\t\t\t\t\t\t\t\t<div class=\"elementor-element elementor-element-0ce869c elementor-widget elementor-widget-text-editor\" data-id=\"0ce869c\" data-element_type=\"widget\" data-widget_type=\"text-editor.default\">\n\t\t\t\t<div class=\"elementor-widget-container\">\n\t\t\t<style>\/*! elementor - v3.10.2 - 29-01-2023 *\/\n.elementor-widget-text-editor.elementor-drop-cap-view-stacked .elementor-drop-cap{background-color:#818a91;color:#fff}.elementor-widget-text-editor.elementor-drop-cap-view-framed .elementor-drop-cap{color:#818a91;border:3px solid;background-color:transparent}.elementor-widget-text-editor:not(.elementor-drop-cap-view-default) .elementor-drop-cap{margin-top:8px}.elementor-widget-text-editor:not(.elementor-drop-cap-view-default) .elementor-drop-cap-letter{width:1em;height:1em}.elementor-widget-text-editor .elementor-drop-cap{float:left;text-align:center;line-height:1;font-size:50px}.elementor-widget-text-editor .elementor-drop-cap-letter{display:inline-block}<\/style>\t\t\t\t<p><strong>Pachuca, Hgo., 11 de marzo de 2026.-<\/strong>En un ejercicio de cercan\u00eda y atenci\u00f3n prioritaria al campo, se llev\u00f3 a cabo una mesa de trabajo con productoras y productores de leche del Valle de Tulancingo. El objetivo principal fue analizar y atender de primera mano las diversas situaciones que impactan actualmente a este sector fundamental para la econom\u00eda regional.<\/p><p>Con la visi\u00f3n del gobernador Julio Menchaca Salazar, de transformar el estado a trav\u00e9s del trabajo coordinado, el titular de la Secretar\u00eda de Agricultura y Desarrollo Rural, Napole\u00f3n Gonz\u00e1lez P\u00e9rez, encabez\u00f3 este encuentro junto a Juan Luis Madrid, presidente de la Uni\u00f3n de Centros de Acopio del Valle de Tulancingo, as\u00ed como representantes independientes de la zona.<\/p><p>Con estas acciones, el gobierno del estado reafirma su compromiso de construir alternativas que permitan fortalecer la actividad lechera, garantizando mejores condiciones de vida y desarrollo para las familias que integran esta cadena productiva.<\/p>\t\t\t\t\t\t<\/div>\n\t\t\t\t<\/div>\n\t\t\t\t\t<\/div>\n\t\t<\/div>\n\t\t\t\t\t\t\t<\/div>\n\t\t<\/section>\n\t\t\t\t\t\t\t<\/div>\n\t\t","protected":false},"excerpt":{"rendered":"<p>Pachuca, Hgo., 11 de marzo de 2026.-En un ejercicio de cercan\u00eda y atenci\u00f3n prioritaria al campo, se llev\u00f3 a cabo una mesa de trabajo con productoras y productores de leche del Valle de Tulancingo. El objetivo principal fue analizar y atender de primera mano las diversas situaciones que impactan actualmente a este sector fundamental para [&hellip;]<\/p>\n","protected":false},"author":1,"featured_media":105971,"comment_status":"closed","ping_status":"closed","sticky":false,"template":"","format":"standard","meta":[],"categories":[9],"tags":[],"_links":{"self":[{"href":"https:\/\/www.diarionoti7.com.mx\/index.php?rest_route=\/wp\/v2\/posts\/105969"}],"collection":[{"href":"https:\/\/www.diarionoti7.com.mx\/index.php?rest_route=\/wp\/v2\/posts"}],"about":[{"href":"https:\/\/www.diarionoti7.com.mx\/index.php?rest_route=\/wp\/v2\/types\/post"}],"author":[{"embeddable":true,"href":"https:\/\/www.diarionoti7.com.mx\/index.php?rest_route=\/wp\/v2\/users\/1"}],"replies":[{"embeddable":true,"href":"https:\/\/www.diarionoti7.com.mx\/index.php?rest_route=%2Fwp%2Fv2%2Fcomments&post=105969"}],"version-history":[{"count":4,"href":"https:\/\/www.diarionoti7.com.mx\/index.php?rest_route=\/wp\/v2\/posts\/105969\/revisions"}],"predecessor-version":[{"id":105974,"href":"https:\/\/www.diarionoti7.com.mx\/index.php?rest_route=\/wp\/v2\/posts\/105969\/revisions\/105974"}],"wp:featuredmedia":[{"embeddable":true,"href":"https:\/\/www.diarionoti7.com.mx\/index.php?rest_route=\/wp\/v2\/media\/105971"}],"wp:attachment":[{"href":"https:\/\/www.diarionoti7.com.mx\/index.php?rest_route=%2Fwp%2Fv2%2Fmedia&parent=105969"}],"wp:term":[{"taxonomy":"category","embeddable":true,"href":"https:\/\/www.diarionoti7.com.mx\/index.php?rest_route=%2Fwp%2Fv2%2Fcategories&post=105969"},{"taxonomy":"post_tag","embeddable":true,"href":"https:\/\/www.diarionoti7.com.mx\/index.php?rest_route=%2Fwp%2Fv2%2Ftags&post=105969"}],"curies":[{"name":"wp","href":"https:\/\/api.w.org\/{rel}","templated":true}]}}