{"id":105911,"date":"2026-03-11T09:50:37","date_gmt":"2026-03-11T09:50:37","guid":{"rendered":"https:\/\/www.diarionoti7.com.mx\/?p=105911"},"modified":"2026-03-11T18:51:30","modified_gmt":"2026-03-11T18:51:30","slug":"hidalgo-avanza-en-la-actualizacion-de-su-programa-estatal-de-accion-climatica-con-participacion-intersectorial","status":"publish","type":"post","link":"https:\/\/www.diarionoti7.com.mx\/?p=105911","title":{"rendered":"Hidalgo avanza en la actualizaci\u00f3n de su Programa Estatal de Acci\u00f3n Clim\u00e1tica con participaci\u00f3n intersectorial"},"content":{"rendered":"\t\t<div data-elementor-type=\"wp-post\" data-elementor-id=\"105911\" class=\"elementor elementor-105911\">\n\t\t\t\t\t\t\t\t\t<section class=\"elementor-section elementor-top-section elementor-element elementor-element-c09b8f0 elementor-section-boxed elementor-section-height-default elementor-section-height-default\" data-id=\"c09b8f0\" data-element_type=\"section\">\n\t\t\t\t\t\t<div class=\"elementor-container elementor-column-gap-default\">\n\t\t\t\t\t<div class=\"elementor-column elementor-col-100 elementor-top-column elementor-element elementor-element-955a561\" data-id=\"955a561\" data-element_type=\"column\">\n\t\t\t<div class=\"elementor-widget-wrap elementor-element-populated\">\n\t\t\t\t\t\t\t\t<div class=\"elementor-element elementor-element-0ce869c elementor-widget elementor-widget-text-editor\" data-id=\"0ce869c\" data-element_type=\"widget\" data-widget_type=\"text-editor.default\">\n\t\t\t\t<div class=\"elementor-widget-container\">\n\t\t\t<style>\/*! elementor - v3.10.2 - 29-01-2023 *\/\n.elementor-widget-text-editor.elementor-drop-cap-view-stacked .elementor-drop-cap{background-color:#818a91;color:#fff}.elementor-widget-text-editor.elementor-drop-cap-view-framed .elementor-drop-cap{color:#818a91;border:3px solid;background-color:transparent}.elementor-widget-text-editor:not(.elementor-drop-cap-view-default) .elementor-drop-cap{margin-top:8px}.elementor-widget-text-editor:not(.elementor-drop-cap-view-default) .elementor-drop-cap-letter{width:1em;height:1em}.elementor-widget-text-editor .elementor-drop-cap{float:left;text-align:center;line-height:1;font-size:50px}.elementor-widget-text-editor .elementor-drop-cap-letter{display:inline-block}<\/style>\t\t\t\t<p><strong>-Se sustenta en seis talleres regionales, cuyos resultados permitieron identificar riesgos clim\u00e1ticos y definir medidas de adaptaci\u00f3n y mitigaci\u00f3n.<\/strong><\/p><p><strong>Pachuca, Hgo., 10 de marzo de 2026.-<\/strong>Con la participaci\u00f3n de representantes de los tres \u00f3rdenes de gobierno, academia, sector empresarial y organizaciones de la sociedad civil, se llev\u00f3 a cabo la Primera Sesi\u00f3n Ordinaria de la Comisi\u00f3n Estatal Intersectorial de Cambio Clim\u00e1tico (CEICCH) y el Primer Taller de Priorizaci\u00f3n de Medidas de Adaptaci\u00f3n y Mitigaci\u00f3n, como parte del proceso de actualizaci\u00f3n del Programa Estatal de Acci\u00f3n ante el Cambio Clim\u00e1tico de Hidalgo (PEACCH). Este ejercicio busca definir y priorizar las acciones que permitir\u00e1n fortalecer la pol\u00edtica clim\u00e1tica del estado frente a los impactos ambientales actuales.<\/p><p>Durante el encuentro, la titular de la Secretar\u00eda de Medio Ambiente y Recursos Naturales de Hidalgo (Semarnath), M\u00f3nica Mixtega Trejo, destac\u00f3 que estos trabajos se realizan con la visi\u00f3n del gobernador Julio Menchaca Salazar, quien ha impulsado una pol\u00edtica ambiental basada en la cooperaci\u00f3n interinstitucional y el desarrollo sostenible.<\/p><p>Se\u00f1al\u00f3 que el objetivo de estos talleres es compartir los resultados del diagn\u00f3stico realizado previamente y avanzar en la validaci\u00f3n y priorizaci\u00f3n de las acciones de mitigaci\u00f3n y adaptaci\u00f3n que integrar\u00e1n el nuevo programa estatal.<\/p><p>La actualizaci\u00f3n del PEACCH es resultado de un proceso participativo que incluy\u00f3 seis talleres regionales de autodiagn\u00f3stico realizados en 2025, en los que se identificaron los principales riesgos y vulnerabilidades clim\u00e1ticas del estado.<\/p><p>A partir de esta informaci\u00f3n, se dise\u00f1aron propuestas de acci\u00f3n orientadas a reducir emisiones de gases de efecto invernadero y fortalecer la capacidad de adaptaci\u00f3n de las comunidades frente a fen\u00f3menos clim\u00e1ticos extremos.<\/p><p>Asimismo, durante el taller se incorporaron enfoques transversales como perspectiva de g\u00e9nero, derechos humanos, equidad intergeneracional, diversidad cultural y atenci\u00f3n a comunidades en situaci\u00f3n de vulnerabilidad, reconociendo que los impactos del cambio clim\u00e1tico afectan de manera diferenciada a distintos sectores de la poblaci\u00f3n.<\/p><p>El proceso cuenta con el acompa\u00f1amiento t\u00e9cnico de la consultora internacional IDOM y el apoyo de la cooperaci\u00f3n alemana a trav\u00e9s de la Cooperaci\u00f3n T\u00e9cnica Alemana en alem\u00e1n: GIZ, quienes han contribuido al desarrollo del diagn\u00f3stico y al dise\u00f1o de las herramientas metodol\u00f3gicas para la priorizaci\u00f3n de medidas.<\/p>\t\t\t\t\t\t<\/div>\n\t\t\t\t<\/div>\n\t\t\t\t\t<\/div>\n\t\t<\/div>\n\t\t\t\t\t\t\t<\/div>\n\t\t<\/section>\n\t\t\t\t\t\t\t<\/div>\n\t\t","protected":false},"excerpt":{"rendered":"<p>-Se sustenta en seis talleres regionales, cuyos resultados permitieron identificar riesgos clim\u00e1ticos y definir medidas de adaptaci\u00f3n y mitigaci\u00f3n. Pachuca, Hgo., 10 de marzo de 2026.-Con la participaci\u00f3n de representantes de los tres \u00f3rdenes de gobierno, academia, sector empresarial y organizaciones de la sociedad civil, se llev\u00f3 a cabo la Primera Sesi\u00f3n Ordinaria de la [&hellip;]<\/p>\n","protected":false},"author":1,"featured_media":105913,"comment_status":"closed","ping_status":"closed","sticky":false,"template":"","format":"standard","meta":[],"categories":[9],"tags":[],"_links":{"self":[{"href":"https:\/\/www.diarionoti7.com.mx\/index.php?rest_route=\/wp\/v2\/posts\/105911"}],"collection":[{"href":"https:\/\/www.diarionoti7.com.mx\/index.php?rest_route=\/wp\/v2\/posts"}],"about":[{"href":"https:\/\/www.diarionoti7.com.mx\/index.php?rest_route=\/wp\/v2\/types\/post"}],"author":[{"embeddable":true,"href":"https:\/\/www.diarionoti7.com.mx\/index.php?rest_route=\/wp\/v2\/users\/1"}],"replies":[{"embeddable":true,"href":"https:\/\/www.diarionoti7.com.mx\/index.php?rest_route=%2Fwp%2Fv2%2Fcomments&post=105911"}],"version-history":[{"count":4,"href":"https:\/\/www.diarionoti7.com.mx\/index.php?rest_route=\/wp\/v2\/posts\/105911\/revisions"}],"predecessor-version":[{"id":105916,"href":"https:\/\/www.diarionoti7.com.mx\/index.php?rest_route=\/wp\/v2\/posts\/105911\/revisions\/105916"}],"wp:featuredmedia":[{"embeddable":true,"href":"https:\/\/www.diarionoti7.com.mx\/index.php?rest_route=\/wp\/v2\/media\/105913"}],"wp:attachment":[{"href":"https:\/\/www.diarionoti7.com.mx\/index.php?rest_route=%2Fwp%2Fv2%2Fmedia&parent=105911"}],"wp:term":[{"taxonomy":"category","embeddable":true,"href":"https:\/\/www.diarionoti7.com.mx\/index.php?rest_route=%2Fwp%2Fv2%2Fcategories&post=105911"},{"taxonomy":"post_tag","embeddable":true,"href":"https:\/\/www.diarionoti7.com.mx\/index.php?rest_route=%2Fwp%2Fv2%2Ftags&post=105911"}],"curies":[{"name":"wp","href":"https:\/\/api.w.org\/{rel}","templated":true}]}}