{"id":105900,"date":"2026-03-11T09:47:44","date_gmt":"2026-03-11T09:47:44","guid":{"rendered":"https:\/\/www.diarionoti7.com.mx\/?p=105900"},"modified":"2026-03-11T18:48:56","modified_gmt":"2026-03-11T18:48:56","slug":"claudia-sheinbaum-recibe-a-mas-de-100-ceos-chief-executive-officer-de-empresas-nordicas-en-palacio-nacional","status":"publish","type":"post","link":"https:\/\/www.diarionoti7.com.mx\/?p=105900","title":{"rendered":"Claudia Sheinbaum Recibe a M\u00e1s de 100 CEOS (Chief Executive Officer), de Empresas N\u00f3rdicas en Palacio Nacional"},"content":{"rendered":"\t\t<div data-elementor-type=\"wp-post\" data-elementor-id=\"105900\" class=\"elementor elementor-105900\">\n\t\t\t\t\t\t\t\t\t<section class=\"elementor-section elementor-top-section elementor-element elementor-element-c09b8f0 elementor-section-boxed elementor-section-height-default elementor-section-height-default\" data-id=\"c09b8f0\" data-element_type=\"section\">\n\t\t\t\t\t\t<div class=\"elementor-container elementor-column-gap-default\">\n\t\t\t\t\t<div class=\"elementor-column elementor-col-100 elementor-top-column elementor-element elementor-element-955a561\" data-id=\"955a561\" data-element_type=\"column\">\n\t\t\t<div class=\"elementor-widget-wrap elementor-element-populated\">\n\t\t\t\t\t\t\t\t<div class=\"elementor-element elementor-element-0ce869c elementor-widget elementor-widget-text-editor\" data-id=\"0ce869c\" data-element_type=\"widget\" data-widget_type=\"text-editor.default\">\n\t\t\t\t<div class=\"elementor-widget-container\">\n\t\t\t<style>\/*! elementor - v3.10.2 - 29-01-2023 *\/\n.elementor-widget-text-editor.elementor-drop-cap-view-stacked .elementor-drop-cap{background-color:#818a91;color:#fff}.elementor-widget-text-editor.elementor-drop-cap-view-framed .elementor-drop-cap{color:#818a91;border:3px solid;background-color:transparent}.elementor-widget-text-editor:not(.elementor-drop-cap-view-default) .elementor-drop-cap{margin-top:8px}.elementor-widget-text-editor:not(.elementor-drop-cap-view-default) .elementor-drop-cap-letter{width:1em;height:1em}.elementor-widget-text-editor .elementor-drop-cap{float:left;text-align:center;line-height:1;font-size:50px}.elementor-widget-text-editor .elementor-drop-cap-letter{display:inline-block}<\/style>\t\t\t\t<p><strong>*<\/strong><strong>Dialogaron con el gobierno federal sobre oportunidades de inversi\u00f3n en sectores estrat\u00e9gicos como energ\u00eda, telecomunicaciones, farmac\u00e9utica y agroindustria en M\u00e9xico. <\/strong><\/p><p><strong>Ciudad de M\u00e9xico, 10 de Marzo 2026.- <\/strong>La presidenta de M\u00e9xico, \u00a0<a href=\"https:\/\/x.com\/Claudiashein\">Claudia Sheinbaum Pardo<\/a>,\u00a0 recibi\u00f3 en Palacio Nacional a una delegaci\u00f3n empresarial de Dinamarca, Finlandia, Noruega y Suecia encabezada por el Grupo Wallenberg. La comitiva estuvo integrada por aproximadamente 100 directoras y directores ejecutivos de empresas n\u00f3rdicas (CEOs de empresas) entre las cuales destacan compa\u00f1\u00edas como ABB, Aker, AstraZeneca, Ericsson, Lego, Maersk, Nokia, Novo Nordisk, Vestas y Volvo, esta ma\u00f1ana.<\/p><p>Durante la reuni\u00f3n, directivos de compa\u00f1\u00edas como Volvo, Nokia y AstraZeneca dialogaron con el gobierno federal sobre oportunidades de inversi\u00f3n en sectores estrat\u00e9gicos como energ\u00eda, telecomunicaciones, farmac\u00e9utica y agroindustria en M\u00e9xico.<\/p><p>El Grupo Wallenberg, uno de los principales conglomerados empresariales de Europa, con inversiones en sectores como telecomunicaciones, tecnolog\u00eda, industria, manufactura y ciencias de la vida.<\/p><p>A trav\u00e9s de su banco Skandinaviska Enskilda Banken (SEB) y de su principal firma de inversi\u00f3n, Investor AB, el grupo mantiene participaciones relevantes en empresas globales. En conjunto, las compa\u00f1\u00edas vinculadas a su ecosistema generan un ingreso conjunto superior a 385 mil millones de d\u00f3lares, emplean a cerca de 1.5 millones de personas y operan en aproximadamente 180 pa\u00edses, entre ellos M\u00e9xico.<\/p><p>\u00a0Esta visita in\u00e9dita marca la primera misi\u00f3n empresarial n\u00f3rdica de esta magnitud al pa\u00eds.<\/p><p>Durante el encuentro en Palacio Nacional, la presidenta Sheinbaum resalt\u00f3 que las puertas de M\u00e9xico est\u00e1n abiertas a todas y todos los empresarios interesados en invertir en el pa\u00eds y contest\u00f3 preguntas de las y los invitados sobre el sector energ\u00e9tico, farmac\u00e9utico, agroindustrial y de telecomunicaciones.<\/p><p>Por su parte, Marcus Wallenberg, presidente de SEB, afirm\u00f3 que se han anunciado m\u00faltiples inversiones n\u00f3rdicas en el pa\u00eds, alineadas con el Plan M\u00e9xico, y reiter\u00f3 su compromiso por continuar construyendo en el largo plazo la presencia de compa\u00f1\u00edas n\u00f3rdicas en M\u00e9xico. Dicho di\u00e1logo fue moderado por el secretario de Relaciones Exteriores, Juan Ram\u00f3n de la Fuente.<\/p>\t\t\t\t\t\t<\/div>\n\t\t\t\t<\/div>\n\t\t\t\t\t<\/div>\n\t\t<\/div>\n\t\t\t\t\t\t\t<\/div>\n\t\t<\/section>\n\t\t\t\t\t\t\t<\/div>\n\t\t","protected":false},"excerpt":{"rendered":"<p>*Dialogaron con el gobierno federal sobre oportunidades de inversi\u00f3n en sectores estrat\u00e9gicos como energ\u00eda, telecomunicaciones, farmac\u00e9utica y agroindustria en M\u00e9xico. Ciudad de M\u00e9xico, 10 de Marzo 2026.- La presidenta de M\u00e9xico, \u00a0Claudia Sheinbaum Pardo,\u00a0 recibi\u00f3 en Palacio Nacional a una delegaci\u00f3n empresarial de Dinamarca, Finlandia, Noruega y Suecia encabezada por el Grupo Wallenberg. La comitiva [&hellip;]<\/p>\n","protected":false},"author":1,"featured_media":104853,"comment_status":"closed","ping_status":"closed","sticky":false,"template":"","format":"standard","meta":[],"categories":[6],"tags":[],"_links":{"self":[{"href":"https:\/\/www.diarionoti7.com.mx\/index.php?rest_route=\/wp\/v2\/posts\/105900"}],"collection":[{"href":"https:\/\/www.diarionoti7.com.mx\/index.php?rest_route=\/wp\/v2\/posts"}],"about":[{"href":"https:\/\/www.diarionoti7.com.mx\/index.php?rest_route=\/wp\/v2\/types\/post"}],"author":[{"embeddable":true,"href":"https:\/\/www.diarionoti7.com.mx\/index.php?rest_route=\/wp\/v2\/users\/1"}],"replies":[{"embeddable":true,"href":"https:\/\/www.diarionoti7.com.mx\/index.php?rest_route=%2Fwp%2Fv2%2Fcomments&post=105900"}],"version-history":[{"count":4,"href":"https:\/\/www.diarionoti7.com.mx\/index.php?rest_route=\/wp\/v2\/posts\/105900\/revisions"}],"predecessor-version":[{"id":105904,"href":"https:\/\/www.diarionoti7.com.mx\/index.php?rest_route=\/wp\/v2\/posts\/105900\/revisions\/105904"}],"wp:featuredmedia":[{"embeddable":true,"href":"https:\/\/www.diarionoti7.com.mx\/index.php?rest_route=\/wp\/v2\/media\/104853"}],"wp:attachment":[{"href":"https:\/\/www.diarionoti7.com.mx\/index.php?rest_route=%2Fwp%2Fv2%2Fmedia&parent=105900"}],"wp:term":[{"taxonomy":"category","embeddable":true,"href":"https:\/\/www.diarionoti7.com.mx\/index.php?rest_route=%2Fwp%2Fv2%2Fcategories&post=105900"},{"taxonomy":"post_tag","embeddable":true,"href":"https:\/\/www.diarionoti7.com.mx\/index.php?rest_route=%2Fwp%2Fv2%2Ftags&post=105900"}],"curies":[{"name":"wp","href":"https:\/\/api.w.org\/{rel}","templated":true}]}}