{"id":105822,"date":"2026-03-10T09:28:31","date_gmt":"2026-03-10T09:28:31","guid":{"rendered":"https:\/\/www.diarionoti7.com.mx\/?p=105822"},"modified":"2026-03-10T18:30:05","modified_gmt":"2026-03-10T18:30:05","slug":"adelantados-el-que-se-mueve-sale-en-la-foto","status":"publish","type":"post","link":"https:\/\/www.diarionoti7.com.mx\/?p=105822","title":{"rendered":"*Adelantados; el que se Mueve, \u00bfSale en la Foto?"},"content":{"rendered":"\t\t<div data-elementor-type=\"wp-post\" data-elementor-id=\"105822\" class=\"elementor elementor-105822\">\n\t\t\t\t\t\t\t\t\t<section class=\"elementor-section elementor-top-section elementor-element elementor-element-c09b8f0 elementor-section-boxed elementor-section-height-default elementor-section-height-default\" data-id=\"c09b8f0\" data-element_type=\"section\">\n\t\t\t\t\t\t<div class=\"elementor-container elementor-column-gap-default\">\n\t\t\t\t\t<div class=\"elementor-column elementor-col-100 elementor-top-column elementor-element elementor-element-955a561\" data-id=\"955a561\" data-element_type=\"column\">\n\t\t\t<div class=\"elementor-widget-wrap elementor-element-populated\">\n\t\t\t\t\t\t\t\t<div class=\"elementor-element elementor-element-0ce869c elementor-widget elementor-widget-text-editor\" data-id=\"0ce869c\" data-element_type=\"widget\" data-widget_type=\"text-editor.default\">\n\t\t\t\t<div class=\"elementor-widget-container\">\n\t\t\t<style>\/*! elementor - v3.10.2 - 29-01-2023 *\/\n.elementor-widget-text-editor.elementor-drop-cap-view-stacked .elementor-drop-cap{background-color:#818a91;color:#fff}.elementor-widget-text-editor.elementor-drop-cap-view-framed .elementor-drop-cap{color:#818a91;border:3px solid;background-color:transparent}.elementor-widget-text-editor:not(.elementor-drop-cap-view-default) .elementor-drop-cap{margin-top:8px}.elementor-widget-text-editor:not(.elementor-drop-cap-view-default) .elementor-drop-cap-letter{width:1em;height:1em}.elementor-widget-text-editor .elementor-drop-cap{float:left;text-align:center;line-height:1;font-size:50px}.elementor-widget-text-editor .elementor-drop-cap-letter{display:inline-block}<\/style>\t\t\t\t<p><strong>Politica al Margen <\/strong><\/p><p><strong>Por Jaime Arizmendi<\/strong><\/p><p><strong>*Morena, Reforma Electoral \u00bfYaaaa?<\/strong><\/p><p><strong>*Adelantados; el que se Mueve, \u00bfSale en la Foto?<\/strong><\/p><p><strong>Argonmexico \/ La hora de la verdad\u2026 <\/strong>Se estima que una vez aprobada en comisiones la reforma electoral propuesta por la presidenta Claudia Sheinbaum, este mi\u00e9rcoles ser\u00eda votada en el Pleno de la C\u00e1mara de Diputados. Las Comisiones Unidas de Puntos Constitucionales y de Reforma Pol\u00edtica-Electoral, de ese cuerpo colegiado, ya tienen el proyecto de dictamen.<\/p><p>En dicho documento de 130 p\u00e1ginas en total, se deja en sus t\u00e9rminos la propuesta remitida a San L\u00e1zaro por la mandataria federal. Plantea reducir el presupuesto asignado a los partidos para gasto ordinario. Que muchas veces gastan en ataques sin sustento ni fuentes reales.<\/p><p>El proyecto de dictamen tambi\u00e9n endurece las medidas contra el financiamiento ilegal, para lo que proh\u00edbe aportaciones privadas en efectivo destinadas a gastos de campa\u00f1a y obliga sean mediante transferencias en el sistema bancario, incluso impide el fondeo de candidatos y partidos desde el extranjero.<\/p><p>Prev\u00e9 que las autoridades de seguridad, procuraci\u00f3n de justicia e inteligencia financiera puedan pedir informaci\u00f3n relevante de los abanderados \u201cpara salvaguardar la integridad\u201d de los comicios; obliga a candidatos y partidos reporten al INE todos sus ingresos, egresos y operaciones financieras, valores, divisas y activos virtuales; de cr\u00e9dito, seguros y finanzas, compra o venta de bienes y dem\u00e1s activos.<\/p><p>Vale anotar que, seg\u00fan la normatividad, la bancada de Morena tiene la mayor\u00eda simple en comisiones (Puntos Constitucionales, 24 de 43 y Reforma Pol\u00edtica-Electoral, 16 de 27), por lo que la subir\u00eda al Pleno este mi\u00e9rcoles.<\/p><p>El presidente de la Comisi\u00f3n de Reforma Pol\u00edtica-Electoral, V\u00edctor Hugo Lobo, advirti\u00f3: se busca que, de cara a los ciudadanos, cada grupo pol\u00edtico, cada partido, exponga su visi\u00f3n sobre esta propuesta y sea la discusi\u00f3n en el Pleno, donde se tomen valoraciones, decisiones.<\/p><p>Repuso que las reservas al dictamen se pretende enviarlas al Pleno de la C\u00e1mara de Diputados para su discusi\u00f3n. \u201cAh\u00ed es donde se estar\u00e1 viendo de cara a todos los ciudadanos, el posicionamiento de cada partido pol\u00edtico.<\/p><p>\u201cSer\u00e1 una discusi\u00f3n larga, porque todo mundo se quiere expresar, quiere hacer un posicionamiento y ma\u00f1ana vamos a ver, como pocas veces, de manera muy transparente, muy clara, el posicionamiento de cada partido de frente a esta propuesta. Evidentemente, hay quienes pensamos que robustece el sistema democr\u00e1tico nacional, fortalece la vida partidaria, el empoderamiento de los ciudadanos, la fiscalizaci\u00f3n, la participaci\u00f3n ciudadana\u201d.<\/p><p>Inquirido si se descarta aceptar alguna de las propuestas de PT, PVEM o de la oposici\u00f3n, previno que lo valioso es poder construir acuerdos y consensos con todos los grupos parlamentarios; aunque Morena ya determin\u00f3 respaldar la propuesta de la presidenta Claudia Sheinbaum.<\/p><p>Con esta reforma se plantea la posibilidad de que se abran los partidos pol\u00edticos como instrumentos de la sociedad, para que la ciudadan\u00eda pueda incidir en el partido en el cual su ideolog\u00eda simpatice y en la toma de decisiones del pa\u00eds.<\/p><p>Interrogado sobre el curso que seguir\u00e1n las acciones afirmativas, Lobo Rom\u00e1n asegur\u00f3 que en esta propuesta se establece la obligaci\u00f3n de los partidos pol\u00edticos de incluir en sus candidaturas a personas de los grupos hist\u00f3ricamente excluidos, y si no se aprueba, seguir\u00e1n solamente en lineamientos del INE y en resoluciones judiciales.<\/p><p>En torno a la iniciativa de la titular del Ejecutivo Federal, tanto Ricardo Monreal \u00c1vila, presidente de la Junta de Coordinaci\u00f3n Pol\u00edtica (jucopo), de la C\u00e1mara baja; como Lobo Rom\u00e1n, coincidieron en anticipar que el debate en torno al dictamen se dar\u00e1 a partir del mecanismo que establezcan las comisiones.<\/p><p>Se realizar\u00e1 mediante un planteamiento por cada partido en cada ronda, y se realizar\u00edan cuatro rondas, para que cada grupo parlamentario exprese de forma puntual su posicionamiento y argumentos. Hay veces que el pato nada, y hay veces que ni agua bebe\u2026<\/p><p>Que no le cuenten que no le digan, que la Luna es de queso\u2026 El s\u00e1bado \u00faltimo, el Consejo Nacional de Morena ratific\u00f3 que, a trav\u00e9s de encuestas, el 22 de junio designar\u00e1 a las mujeres y hombres que coordinar\u00e1n la defensa de la transformaci\u00f3n en las 17 entidades, donde en 2027 se renovar\u00e1 el mando estatal; de quienes ocupar\u00e1n las candidaturas de su partido.<\/p><p>El 3 de agosto, tambi\u00e9n con sondeos, se designar\u00e1n a los coordinadores distritales federales; es decir, quienes se convertir\u00e1n en candidatos a las 300 diputaciones federales de mayor\u00eda relativa; el 21 de septiembre elegir\u00e1n a los coordinadores municipales; y el 8 de noviembre nombrar\u00e1n a los coordinadores a las diputaciones locales que tambi\u00e9n se renovar\u00e1n el pr\u00f3ximo a\u00f1o.<\/p><p>En la sesi\u00f3n celebrada en un hotel de Paseo de la Reforma, con la asistencia de gobernadores emanados de Morena, quienes integran el m\u00e1ximo \u00f3rgano morenista determinaron que las y los aspirantes a las candidaturas, no podr\u00e1n promocionar su imagen mediante anuncios espectaculares bajo cualquier modalidad.<\/p><p>No podr\u00e1n incurrir en actos anticipados de campa\u00f1a, ni realizar actos \u201cdispendiosos\u201d o desplegar campa\u00f1as de comunicaci\u00f3n ostentosas; como tampoco deber\u00e1n realizar expresiones de desprestigio o descalificaciones contra otros participantes, ni alentar entre sus simpatizantes \u201cel ataque, la calumnia, confrontaci\u00f3n o violencia\u201d.<\/p><p>Igualmente, no deber\u00e1n difundir informaci\u00f3n falsa, manipulada o malintencionada, ni promover campa\u00f1as de desprestigio o \u201clinchamiento digital\u201d en redes sociales, o simular la pertenencia a grupos vulnerables, utilizar recursos p\u00fablicos o entregar despensas, electrodom\u00e9sticos o d\u00e1divas.<\/p><p>Los consejeros nacionales de Morena tambi\u00e9n exigieron \u201ccuidar a los perfiles que llegan hacia adentro del movimiento, que se haga una reflexi\u00f3n profunda, revisar sus antecedentes, qui\u00e9n llega para sumar y qui\u00e9n podr\u00eda llegar para restar.<\/p><p>Para evitar que se filtren perfiles que podr\u00edan estar vinculados con grupos criminales, se obliga a que quienes aspiran sean sometidos al escrutinio de la Fiscal\u00eda General de la Rep\u00fablica y, a reservar el derecho de admisi\u00f3n de toda aquella persona que tenga posibles v\u00ednculos con agrupaciones delictivas.<\/p><p>Al salir de la reuni\u00f3n, la vicecoordinadora de la bancada de Morena en la C\u00e1mara de Diputados, Dolores Padierna Luna, subray\u00f3 que en el consejo se dio \u201cun paso organizativo muy importante rumbo a 2027, rumbo a toda la capacitaci\u00f3n y concientizaci\u00f3n a nivel de base\u201d, y se estableci\u00f3 que debe haber filtros iniciales para acotar el n\u00famero de aspirantes a una candidatura.<\/p><p>\u201cNo puede haber mil (aspirantes) en una encuesta, tiene que haber encuestas de filtro, donde casi siempre gana quien hace trabajo territorial\u201d, indic\u00f3 al subrayar la importancia de que los morenistas respeten \u201clas reglas que nos hemos dado\u201d.<\/p><p>Se acord\u00f3 que para evitar haya muchos aspirantes en los sondeos, en breve habr\u00e1 una encuesta como primer filtro, y los punteros tendr\u00e1n que trabajar a nivel de base para poder tener consideraci\u00f3n en la encuesta definitiva\u201d. Pero, y qu\u00e9 hacer con adelantados como el alcalde de Tlaxcala y su promotora, Lorena Cu\u00e9llar. Alegre el indio, \u00bfy le dan maracas?\u2026<\/p><p>argondirector@gmail.com y <a href=\"mailto:argonmexico@gmail.com\">argonmexico@gmail.com<\/a><\/p>\t\t\t\t\t\t<\/div>\n\t\t\t\t<\/div>\n\t\t\t\t\t<\/div>\n\t\t<\/div>\n\t\t\t\t\t\t\t<\/div>\n\t\t<\/section>\n\t\t\t\t\t\t\t<\/div>\n\t\t","protected":false},"excerpt":{"rendered":"<p>Politica al Margen Por Jaime Arizmendi *Morena, Reforma Electoral \u00bfYaaaa? *Adelantados; el que se Mueve, \u00bfSale en la Foto? Argonmexico \/ La hora de la verdad\u2026 Se estima que una vez aprobada en comisiones la reforma electoral propuesta por la presidenta Claudia Sheinbaum, este mi\u00e9rcoles ser\u00eda votada en el Pleno de la C\u00e1mara de Diputados. [&hellip;]<\/p>\n","protected":false},"author":1,"featured_media":14000,"comment_status":"closed","ping_status":"closed","sticky":false,"template":"","format":"standard","meta":[],"categories":[3],"tags":[],"_links":{"self":[{"href":"https:\/\/www.diarionoti7.com.mx\/index.php?rest_route=\/wp\/v2\/posts\/105822"}],"collection":[{"href":"https:\/\/www.diarionoti7.com.mx\/index.php?rest_route=\/wp\/v2\/posts"}],"about":[{"href":"https:\/\/www.diarionoti7.com.mx\/index.php?rest_route=\/wp\/v2\/types\/post"}],"author":[{"embeddable":true,"href":"https:\/\/www.diarionoti7.com.mx\/index.php?rest_route=\/wp\/v2\/users\/1"}],"replies":[{"embeddable":true,"href":"https:\/\/www.diarionoti7.com.mx\/index.php?rest_route=%2Fwp%2Fv2%2Fcomments&post=105822"}],"version-history":[{"count":4,"href":"https:\/\/www.diarionoti7.com.mx\/index.php?rest_route=\/wp\/v2\/posts\/105822\/revisions"}],"predecessor-version":[{"id":105826,"href":"https:\/\/www.diarionoti7.com.mx\/index.php?rest_route=\/wp\/v2\/posts\/105822\/revisions\/105826"}],"wp:featuredmedia":[{"embeddable":true,"href":"https:\/\/www.diarionoti7.com.mx\/index.php?rest_route=\/wp\/v2\/media\/14000"}],"wp:attachment":[{"href":"https:\/\/www.diarionoti7.com.mx\/index.php?rest_route=%2Fwp%2Fv2%2Fmedia&parent=105822"}],"wp:term":[{"taxonomy":"category","embeddable":true,"href":"https:\/\/www.diarionoti7.com.mx\/index.php?rest_route=%2Fwp%2Fv2%2Fcategories&post=105822"},{"taxonomy":"post_tag","embeddable":true,"href":"https:\/\/www.diarionoti7.com.mx\/index.php?rest_route=%2Fwp%2Fv2%2Ftags&post=105822"}],"curies":[{"name":"wp","href":"https:\/\/api.w.org\/{rel}","templated":true}]}}