{"id":105781,"date":"2026-03-10T09:18:27","date_gmt":"2026-03-10T09:18:27","guid":{"rendered":"https:\/\/www.diarionoti7.com.mx\/?p=105781"},"modified":"2026-03-10T18:19:34","modified_gmt":"2026-03-10T18:19:34","slug":"avanza-construccion-del-centro-gerontologico-integral-en-zapotlan","status":"publish","type":"post","link":"https:\/\/www.diarionoti7.com.mx\/?p=105781","title":{"rendered":"Avanza Construcci\u00f3n del Centro Gerontol\u00f3gico Integral en Zapotl\u00e1n"},"content":{"rendered":"\t\t<div data-elementor-type=\"wp-post\" data-elementor-id=\"105781\" class=\"elementor elementor-105781\">\n\t\t\t\t\t\t\t\t\t<section class=\"elementor-section elementor-top-section elementor-element elementor-element-c09b8f0 elementor-section-boxed elementor-section-height-default elementor-section-height-default\" data-id=\"c09b8f0\" data-element_type=\"section\">\n\t\t\t\t\t\t<div class=\"elementor-container elementor-column-gap-default\">\n\t\t\t\t\t<div class=\"elementor-column elementor-col-100 elementor-top-column elementor-element elementor-element-955a561\" data-id=\"955a561\" data-element_type=\"column\">\n\t\t\t<div class=\"elementor-widget-wrap elementor-element-populated\">\n\t\t\t\t\t\t\t\t<div class=\"elementor-element elementor-element-0ce869c elementor-widget elementor-widget-text-editor\" data-id=\"0ce869c\" data-element_type=\"widget\" data-widget_type=\"text-editor.default\">\n\t\t\t\t<div class=\"elementor-widget-container\">\n\t\t\t<style>\/*! elementor - v3.10.2 - 29-01-2023 *\/\n.elementor-widget-text-editor.elementor-drop-cap-view-stacked .elementor-drop-cap{background-color:#818a91;color:#fff}.elementor-widget-text-editor.elementor-drop-cap-view-framed .elementor-drop-cap{color:#818a91;border:3px solid;background-color:transparent}.elementor-widget-text-editor:not(.elementor-drop-cap-view-default) .elementor-drop-cap{margin-top:8px}.elementor-widget-text-editor:not(.elementor-drop-cap-view-default) .elementor-drop-cap-letter{width:1em;height:1em}.elementor-widget-text-editor .elementor-drop-cap{float:left;text-align:center;line-height:1;font-size:50px}.elementor-widget-text-editor .elementor-drop-cap-letter{display:inline-block}<\/style>\t\t\t\t<p><strong>-En esta primera etapa, se invierten 5.8 millones de pesos<\/strong><\/p><p><strong>Pachuca, Hgo., 9 de marzo de 2026.-<\/strong>La directora general del Instituto para la Atenci\u00f3n de las y los Adultos Mayores del Estado de Hidalgo (IAAMEH), Pen\u00e9lope Apodaca, realiz\u00f3 una supervisi\u00f3n de la obra del nuevo Centro Gerontol\u00f3gico Integral en el municipio de Zapotl\u00e1n. Ah\u00ed, reiter\u00f3 el objetivo de fortalecer la atenci\u00f3n y los servicios destinados a las personas a partir de los 60 a\u00f1os, como una pol\u00edtica primordial del gobernador Julio Menchaca Salazar.<\/p><p>Durante el recorrido, la titular constat\u00f3 el progreso de este importante proyecto, el cual actualmente se encuentra en el desarrollo de la primera etapa de construcci\u00f3n de una obra que contempla una inversi\u00f3n total de 5 millones 839 mil 710 pesos con 83 centavos.<\/p><p>Estos recursos permitir\u00e1n la creaci\u00f3n de un espacio digno, seguro y adecuado para la atenci\u00f3n integral de las y los adultos mayores, lo que ayudar\u00e1 a mejorar sustancialmente su calidad de vida, pues en \u00e9l se llevar\u00e1n actividades de fomento a su salud f\u00edsica y emocional, as\u00ed como de recreaci\u00f3n.<\/p><p>Este nuevo Centro Gerontol\u00f3gico Integral representa un paso significativo para las personas adultas mayores, no s\u00f3lo del municipio de Zapotl\u00e1n, sino tambi\u00e9n de comunidades cercanas de la regi\u00f3n, quienes podr\u00e1n acceder a servicios, actividades y atenci\u00f3n especializada en un entorno dise\u00f1ado para su bienestar.<\/p><p>Durante la supervisi\u00f3n, Pen\u00e9lope Apodaca destac\u00f3 la importancia de seguir impulsando infraestructura social que responda a las necesidades de este sector de la poblaci\u00f3n, como lo ha instruido el titular de Sebiso, Ricardo G\u00f3mez Moreno, reiterando el compromiso institucional de trabajar para garantizar espacios de atenci\u00f3n adecuados y programas que promuevan el envejecimiento digno y activo.<\/p><p>Con acciones como esta, el gobierno que encabeza Julio Menchaca contin\u00faa fortaleciendo las pol\u00edticas p\u00fablicas orientadas al bienestar social, priorizando la creaci\u00f3n de espacios que fomenten el cuidado, la inclusi\u00f3n y la atenci\u00f3n integral de las personas adultas mayores en Hidalgo.<\/p><p>\u00a0<\/p>\t\t\t\t\t\t<\/div>\n\t\t\t\t<\/div>\n\t\t\t\t\t<\/div>\n\t\t<\/div>\n\t\t\t\t\t\t\t<\/div>\n\t\t<\/section>\n\t\t\t\t\t\t\t<\/div>\n\t\t","protected":false},"excerpt":{"rendered":"<p>-En esta primera etapa, se invierten 5.8 millones de pesos Pachuca, Hgo., 9 de marzo de 2026.-La directora general del Instituto para la Atenci\u00f3n de las y los Adultos Mayores del Estado de Hidalgo (IAAMEH), Pen\u00e9lope Apodaca, realiz\u00f3 una supervisi\u00f3n de la obra del nuevo Centro Gerontol\u00f3gico Integral en el municipio de Zapotl\u00e1n. Ah\u00ed, reiter\u00f3 [&hellip;]<\/p>\n","protected":false},"author":1,"featured_media":105783,"comment_status":"closed","ping_status":"closed","sticky":false,"template":"","format":"standard","meta":[],"categories":[9],"tags":[],"_links":{"self":[{"href":"https:\/\/www.diarionoti7.com.mx\/index.php?rest_route=\/wp\/v2\/posts\/105781"}],"collection":[{"href":"https:\/\/www.diarionoti7.com.mx\/index.php?rest_route=\/wp\/v2\/posts"}],"about":[{"href":"https:\/\/www.diarionoti7.com.mx\/index.php?rest_route=\/wp\/v2\/types\/post"}],"author":[{"embeddable":true,"href":"https:\/\/www.diarionoti7.com.mx\/index.php?rest_route=\/wp\/v2\/users\/1"}],"replies":[{"embeddable":true,"href":"https:\/\/www.diarionoti7.com.mx\/index.php?rest_route=%2Fwp%2Fv2%2Fcomments&post=105781"}],"version-history":[{"count":4,"href":"https:\/\/www.diarionoti7.com.mx\/index.php?rest_route=\/wp\/v2\/posts\/105781\/revisions"}],"predecessor-version":[{"id":105786,"href":"https:\/\/www.diarionoti7.com.mx\/index.php?rest_route=\/wp\/v2\/posts\/105781\/revisions\/105786"}],"wp:featuredmedia":[{"embeddable":true,"href":"https:\/\/www.diarionoti7.com.mx\/index.php?rest_route=\/wp\/v2\/media\/105783"}],"wp:attachment":[{"href":"https:\/\/www.diarionoti7.com.mx\/index.php?rest_route=%2Fwp%2Fv2%2Fmedia&parent=105781"}],"wp:term":[{"taxonomy":"category","embeddable":true,"href":"https:\/\/www.diarionoti7.com.mx\/index.php?rest_route=%2Fwp%2Fv2%2Fcategories&post=105781"},{"taxonomy":"post_tag","embeddable":true,"href":"https:\/\/www.diarionoti7.com.mx\/index.php?rest_route=%2Fwp%2Fv2%2Ftags&post=105781"}],"curies":[{"name":"wp","href":"https:\/\/api.w.org\/{rel}","templated":true}]}}