{"id":105756,"date":"2026-03-09T08:30:23","date_gmt":"2026-03-09T08:30:23","guid":{"rendered":"https:\/\/www.diarionoti7.com.mx\/?p=105756"},"modified":"2026-03-09T14:32:38","modified_gmt":"2026-03-09T14:32:38","slug":"el-autocuidado-como-estrategia-contra-la-violencia-hacia-las-mujeres","status":"publish","type":"post","link":"https:\/\/www.diarionoti7.com.mx\/?p=105756","title":{"rendered":"El Autocuidado Como Estrategia Contra La Violencia Hacia Las Mujeres"},"content":{"rendered":"\t\t<div data-elementor-type=\"wp-post\" data-elementor-id=\"105756\" class=\"elementor elementor-105756\">\n\t\t\t\t\t\t\t\t\t<section class=\"elementor-section elementor-top-section elementor-element elementor-element-c09b8f0 elementor-section-boxed elementor-section-height-default elementor-section-height-default\" data-id=\"c09b8f0\" data-element_type=\"section\">\n\t\t\t\t\t\t<div class=\"elementor-container elementor-column-gap-default\">\n\t\t\t\t\t<div class=\"elementor-column elementor-col-100 elementor-top-column elementor-element elementor-element-955a561\" data-id=\"955a561\" data-element_type=\"column\">\n\t\t\t<div class=\"elementor-widget-wrap elementor-element-populated\">\n\t\t\t\t\t\t\t\t<div class=\"elementor-element elementor-element-0ce869c elementor-widget elementor-widget-text-editor\" data-id=\"0ce869c\" data-element_type=\"widget\" data-widget_type=\"text-editor.default\">\n\t\t\t\t<div class=\"elementor-widget-container\">\n\t\t\t<style>\/*! elementor - v3.10.2 - 29-01-2023 *\/\n.elementor-widget-text-editor.elementor-drop-cap-view-stacked .elementor-drop-cap{background-color:#818a91;color:#fff}.elementor-widget-text-editor.elementor-drop-cap-view-framed .elementor-drop-cap{color:#818a91;border:3px solid;background-color:transparent}.elementor-widget-text-editor:not(.elementor-drop-cap-view-default) .elementor-drop-cap{margin-top:8px}.elementor-widget-text-editor:not(.elementor-drop-cap-view-default) .elementor-drop-cap-letter{width:1em;height:1em}.elementor-widget-text-editor .elementor-drop-cap{float:left;text-align:center;line-height:1;font-size:50px}.elementor-widget-text-editor .elementor-drop-cap-letter{display:inline-block}<\/style>\t\t\t\t<p><strong>-Arranca IHM la campa\u00f1a #MiBienestarImporta<\/strong><\/p><p><strong>Pachuca, Hgo., 8 de marzo de 2026.-<\/strong>En el marco del D\u00eda Internacional de las Mujeres, este 8 de marzo el Instituto Hidalguense de las Mujeres (IHM) arranca la campa\u00f1a \u201cEl autocuidado, un derecho humano. Mi bienestar importa\u201d, con el fin de sensibilizarlas sobre la importancia de ejercerlo como herramienta para prevenir la violencia, fortalecer su autonom\u00eda y su bienestar integral.<\/p><p>Las actividades de cuidado est\u00e1n intr\u00ednsecamente ligadas con el bienestar, la reproducci\u00f3n y la subsistencia de las sociedades. En 2025 la Corte Interamericana de Derechos Humanos reconoci\u00f3 el cuidado como un derecho humano, bajo tres dimensiones: cuidar, ser cuidado y el autocuidado, definido como la capacidad de las personas de procurar su bienestar.<\/p><p>Sin embargo, hist\u00f3ricamente este trabajo se ha asignado a las familias y espec\u00edficamente a las mujeres, sin remuneraci\u00f3n ni reconocimiento social, en detrimento de su salud, su tiempo y su calidad de vida, por lo que esta campa\u00f1a busca informar y motivarlas a tomar acci\u00f3n.<\/p><p>En M\u00e9xico, seg\u00fan la Encuesta Nacional para el Sistema de Cuidados (ENASIC), de los 31.7 millones de personas de 15 a\u00f1os y m\u00e1s que brindan cuidados a integrantes de su hogar o de otros hogares, 75.1 por ciento son mujeres y 24.9 por ciento, hombres.<\/p><p>La Encuesta Nacional sobre Uso del Tiempo (ENUT) 2024, registr\u00f3 que las mujeres dedican 39.7 horas a la semana al trabajo de cuidados, mientras los hombres s\u00f3lo 18.2. La brecha es de 21.5 horas semanales.<\/p><p>Desde el \u00e1mbito internacional y nacional, se empujan acciones que coloquen los cuidados como prioridad, desde un enfoque de igualdad y corresponsabilidad entre el Estado, las familias y la sociedad.<\/p><p>El IHM se suma con capacitaci\u00f3n al funcionariado para impulsar pol\u00edticas de cuidados en los territorios. A trav\u00e9s de los Centros LIBRE (Libertad, Igualdad, Bienestar y Emancipaci\u00f3n), promueve los derechos de las mujeres; fortalece su autoestima con procesos psicol\u00f3gicos; acerca herramientas productivas para su autonom\u00eda econ\u00f3mica; las representa en su derecho a la justicia, crea y acompa\u00f1a redes de mujeres donde ellas son protagonistas de su desarrollo.<\/p>\t\t\t\t\t\t<\/div>\n\t\t\t\t<\/div>\n\t\t\t\t\t<\/div>\n\t\t<\/div>\n\t\t\t\t\t\t\t<\/div>\n\t\t<\/section>\n\t\t\t\t\t\t\t<\/div>\n\t\t","protected":false},"excerpt":{"rendered":"<p>-Arranca IHM la campa\u00f1a #MiBienestarImporta Pachuca, Hgo., 8 de marzo de 2026.-En el marco del D\u00eda Internacional de las Mujeres, este 8 de marzo el Instituto Hidalguense de las Mujeres (IHM) arranca la campa\u00f1a \u201cEl autocuidado, un derecho humano. Mi bienestar importa\u201d, con el fin de sensibilizarlas sobre la importancia de ejercerlo como herramienta para [&hellip;]<\/p>\n","protected":false},"author":1,"featured_media":105758,"comment_status":"closed","ping_status":"closed","sticky":false,"template":"","format":"standard","meta":[],"categories":[7],"tags":[],"_links":{"self":[{"href":"https:\/\/www.diarionoti7.com.mx\/index.php?rest_route=\/wp\/v2\/posts\/105756"}],"collection":[{"href":"https:\/\/www.diarionoti7.com.mx\/index.php?rest_route=\/wp\/v2\/posts"}],"about":[{"href":"https:\/\/www.diarionoti7.com.mx\/index.php?rest_route=\/wp\/v2\/types\/post"}],"author":[{"embeddable":true,"href":"https:\/\/www.diarionoti7.com.mx\/index.php?rest_route=\/wp\/v2\/users\/1"}],"replies":[{"embeddable":true,"href":"https:\/\/www.diarionoti7.com.mx\/index.php?rest_route=%2Fwp%2Fv2%2Fcomments&post=105756"}],"version-history":[{"count":4,"href":"https:\/\/www.diarionoti7.com.mx\/index.php?rest_route=\/wp\/v2\/posts\/105756\/revisions"}],"predecessor-version":[{"id":105761,"href":"https:\/\/www.diarionoti7.com.mx\/index.php?rest_route=\/wp\/v2\/posts\/105756\/revisions\/105761"}],"wp:featuredmedia":[{"embeddable":true,"href":"https:\/\/www.diarionoti7.com.mx\/index.php?rest_route=\/wp\/v2\/media\/105758"}],"wp:attachment":[{"href":"https:\/\/www.diarionoti7.com.mx\/index.php?rest_route=%2Fwp%2Fv2%2Fmedia&parent=105756"}],"wp:term":[{"taxonomy":"category","embeddable":true,"href":"https:\/\/www.diarionoti7.com.mx\/index.php?rest_route=%2Fwp%2Fv2%2Fcategories&post=105756"},{"taxonomy":"post_tag","embeddable":true,"href":"https:\/\/www.diarionoti7.com.mx\/index.php?rest_route=%2Fwp%2Fv2%2Ftags&post=105756"}],"curies":[{"name":"wp","href":"https:\/\/api.w.org\/{rel}","templated":true}]}}