{"id":105744,"date":"2026-03-09T08:27:33","date_gmt":"2026-03-09T08:27:33","guid":{"rendered":"https:\/\/www.diarionoti7.com.mx\/?p=105744"},"modified":"2026-03-09T14:28:17","modified_gmt":"2026-03-09T14:28:17","slug":"ine-cancela-registro-a-11-agrupaciones-politicas-nacionales-por-irregularidades-financieras","status":"publish","type":"post","link":"https:\/\/www.diarionoti7.com.mx\/?p=105744","title":{"rendered":"INE Cancela Registro A 11 Agrupaciones Pol\u00edticas Nacionales Por Irregularidades Financieras"},"content":{"rendered":"\t\t<div data-elementor-type=\"wp-post\" data-elementor-id=\"105744\" class=\"elementor elementor-105744\">\n\t\t\t\t\t\t\t\t\t<section class=\"elementor-section elementor-top-section elementor-element elementor-element-c09b8f0 elementor-section-boxed elementor-section-height-default elementor-section-height-default\" data-id=\"c09b8f0\" data-element_type=\"section\">\n\t\t\t\t\t\t<div class=\"elementor-container elementor-column-gap-default\">\n\t\t\t\t\t<div class=\"elementor-column elementor-col-100 elementor-top-column elementor-element elementor-element-955a561\" data-id=\"955a561\" data-element_type=\"column\">\n\t\t\t<div class=\"elementor-widget-wrap elementor-element-populated\">\n\t\t\t\t\t\t\t\t<div class=\"elementor-element elementor-element-0ce869c elementor-widget elementor-widget-text-editor\" data-id=\"0ce869c\" data-element_type=\"widget\" data-widget_type=\"text-editor.default\">\n\t\t\t\t<div class=\"elementor-widget-container\">\n\t\t\t<style>\/*! elementor - v3.10.2 - 29-01-2023 *\/\n.elementor-widget-text-editor.elementor-drop-cap-view-stacked .elementor-drop-cap{background-color:#818a91;color:#fff}.elementor-widget-text-editor.elementor-drop-cap-view-framed .elementor-drop-cap{color:#818a91;border:3px solid;background-color:transparent}.elementor-widget-text-editor:not(.elementor-drop-cap-view-default) .elementor-drop-cap{margin-top:8px}.elementor-widget-text-editor:not(.elementor-drop-cap-view-default) .elementor-drop-cap-letter{width:1em;height:1em}.elementor-widget-text-editor .elementor-drop-cap{float:left;text-align:center;line-height:1;font-size:50px}.elementor-widget-text-editor .elementor-drop-cap-letter{display:inline-block}<\/style>\t\t\t\t<p>El Consejo General del\u00a0Instituto Nacional Electoral\u00a0aprob\u00f3 por mayor\u00eda cancelar el registro como Agrupaci\u00f3n Pol\u00edtica Nacional (APN) a 11 organizaciones, debido a irregularidades y omisiones detectadas en la presentaci\u00f3n de sus informes anuales de ingresos y gastos. La medida forma parte de las acciones de fiscalizaci\u00f3n del organismo electoral para garantizar la transparencia en el manejo de recursos.<\/p><p>Entre las agrupaciones que perdieron su registro se encuentran Praxis Democr\u00e1tica, Asociaci\u00f3n de Profesionales por la Democracia y el Desarrollo, Junta de Mujeres Pol\u00edticas A.C., Avanzada Liberal Democr\u00e1tica, V\u00eda Democr\u00e1tica Activa, Decisi\u00f3n con Valor, Autonom\u00eda Campesina, Ind\u00edgena y Popular, Iniciativa Galileos, Forte, Movimiento de Expresi\u00f3n Pol\u00edtica A.C. y Frente por la Cuarta Rep\u00fablica.<\/p><p>Durante la misma sesi\u00f3n, el organismo electoral determin\u00f3 imponer una amonestaci\u00f3n p\u00fablica a otras 35 Agrupaciones Pol\u00edticas Nacionales, luego de detectar omisiones en sus informes anuales de ingresos y gastos correspondientes al ejercicio fiscal 2024.<\/p><p>De acuerdo con el INE, las Agrupaciones Pol\u00edticas Nacionales son asociaciones ciudadanas que contribuyen al desarrollo de la vida democr\u00e1tica y de la cultura pol\u00edtica del pa\u00eds, adem\u00e1s de promover la formaci\u00f3n de una opini\u00f3n p\u00fablica mejor informada entre la ciudadan\u00eda.<\/p>\t\t\t\t\t\t<\/div>\n\t\t\t\t<\/div>\n\t\t\t\t\t<\/div>\n\t\t<\/div>\n\t\t\t\t\t\t\t<\/div>\n\t\t<\/section>\n\t\t\t\t\t\t\t<\/div>\n\t\t","protected":false},"excerpt":{"rendered":"<p>El Consejo General del\u00a0Instituto Nacional Electoral\u00a0aprob\u00f3 por mayor\u00eda cancelar el registro como Agrupaci\u00f3n Pol\u00edtica Nacional (APN) a 11 organizaciones, debido a irregularidades y omisiones detectadas en la presentaci\u00f3n de sus informes anuales de ingresos y gastos. La medida forma parte de las acciones de fiscalizaci\u00f3n del organismo electoral para garantizar la transparencia en el manejo [&hellip;]<\/p>\n","protected":false},"author":1,"featured_media":105746,"comment_status":"closed","ping_status":"closed","sticky":false,"template":"","format":"standard","meta":[],"categories":[3],"tags":[],"_links":{"self":[{"href":"https:\/\/www.diarionoti7.com.mx\/index.php?rest_route=\/wp\/v2\/posts\/105744"}],"collection":[{"href":"https:\/\/www.diarionoti7.com.mx\/index.php?rest_route=\/wp\/v2\/posts"}],"about":[{"href":"https:\/\/www.diarionoti7.com.mx\/index.php?rest_route=\/wp\/v2\/types\/post"}],"author":[{"embeddable":true,"href":"https:\/\/www.diarionoti7.com.mx\/index.php?rest_route=\/wp\/v2\/users\/1"}],"replies":[{"embeddable":true,"href":"https:\/\/www.diarionoti7.com.mx\/index.php?rest_route=%2Fwp%2Fv2%2Fcomments&post=105744"}],"version-history":[{"count":4,"href":"https:\/\/www.diarionoti7.com.mx\/index.php?rest_route=\/wp\/v2\/posts\/105744\/revisions"}],"predecessor-version":[{"id":105749,"href":"https:\/\/www.diarionoti7.com.mx\/index.php?rest_route=\/wp\/v2\/posts\/105744\/revisions\/105749"}],"wp:featuredmedia":[{"embeddable":true,"href":"https:\/\/www.diarionoti7.com.mx\/index.php?rest_route=\/wp\/v2\/media\/105746"}],"wp:attachment":[{"href":"https:\/\/www.diarionoti7.com.mx\/index.php?rest_route=%2Fwp%2Fv2%2Fmedia&parent=105744"}],"wp:term":[{"taxonomy":"category","embeddable":true,"href":"https:\/\/www.diarionoti7.com.mx\/index.php?rest_route=%2Fwp%2Fv2%2Fcategories&post=105744"},{"taxonomy":"post_tag","embeddable":true,"href":"https:\/\/www.diarionoti7.com.mx\/index.php?rest_route=%2Fwp%2Fv2%2Ftags&post=105744"}],"curies":[{"name":"wp","href":"https:\/\/api.w.org\/{rel}","templated":true}]}}