{"id":105726,"date":"2026-03-09T08:23:46","date_gmt":"2026-03-09T08:23:46","guid":{"rendered":"https:\/\/www.diarionoti7.com.mx\/?p=105726"},"modified":"2026-03-09T14:24:31","modified_gmt":"2026-03-09T14:24:31","slug":"reconoce-el-poder-judicial-a-magistradas-magistrados-juezas-y-jueces-en-el-dia-de-la-juzgadora-y-el-juzgador-mexicanos","status":"publish","type":"post","link":"https:\/\/www.diarionoti7.com.mx\/?p=105726","title":{"rendered":"Reconoce el Poder Judicial a Magistradas, Magistrados, Juezas y Jueces, en el D\u00eda de la Juzgadora y el Juzgador Mexicanos"},"content":{"rendered":"\t\t<div data-elementor-type=\"wp-post\" data-elementor-id=\"105726\" class=\"elementor elementor-105726\">\n\t\t\t\t\t\t\t\t\t<section class=\"elementor-section elementor-top-section elementor-element elementor-element-c09b8f0 elementor-section-boxed elementor-section-height-default elementor-section-height-default\" data-id=\"c09b8f0\" data-element_type=\"section\">\n\t\t\t\t\t\t<div class=\"elementor-container elementor-column-gap-default\">\n\t\t\t\t\t<div class=\"elementor-column elementor-col-100 elementor-top-column elementor-element elementor-element-955a561\" data-id=\"955a561\" data-element_type=\"column\">\n\t\t\t<div class=\"elementor-widget-wrap elementor-element-populated\">\n\t\t\t\t\t\t\t\t<div class=\"elementor-element elementor-element-0ce869c elementor-widget elementor-widget-text-editor\" data-id=\"0ce869c\" data-element_type=\"widget\" data-widget_type=\"text-editor.default\">\n\t\t\t\t<div class=\"elementor-widget-container\">\n\t\t\t<style>\/*! elementor - v3.10.2 - 29-01-2023 *\/\n.elementor-widget-text-editor.elementor-drop-cap-view-stacked .elementor-drop-cap{background-color:#818a91;color:#fff}.elementor-widget-text-editor.elementor-drop-cap-view-framed .elementor-drop-cap{color:#818a91;border:3px solid;background-color:transparent}.elementor-widget-text-editor:not(.elementor-drop-cap-view-default) .elementor-drop-cap{margin-top:8px}.elementor-widget-text-editor:not(.elementor-drop-cap-view-default) .elementor-drop-cap-letter{width:1em;height:1em}.elementor-widget-text-editor .elementor-drop-cap{float:left;text-align:center;line-height:1;font-size:50px}.elementor-widget-text-editor .elementor-drop-cap-letter{display:inline-block}<\/style>\t\t\t\t<p><strong>\u00a0Pachuca, Hgo., 8 de marzo de 2026.-<\/strong> El Poder Judicial del Estado de Hidalgo, rindi\u00f3 homenaje a sus magistradas, magistrados, juezas y jueces, en el D\u00eda de la Juzgadora y el Juzgador Mexicanos.<\/p><p>En el marco del D\u00eda de la Juzgadora y el Juzgador Mexicanos, la Magistrada Presidenta del Tribunal Superior de Justicia del Estado de Hidalgo, Rebeca Aladro Echeverr\u00eda, reconoci\u00f3 la labor de las magistradas, magistrados, juezas y jueces del Poder Judicial, a quienes llam\u00f3 a seguir construyendo una justicia m\u00e1s cercana, accesible y con gran sentido humano.<\/p><p>Durante la ceremonia conmemorativa realizada en el Monumento al Juez, en la sede del Poder Judicial del Estado de Hidalgo, Aladro Echeverr\u00eda, mencion\u00f3 que este acto representa un momento de reflexi\u00f3n y reconocimiento a la noble labor de quienes dedican su vida al servicio de la justicia, actuando con responsabilidad, independencia e imparcialidad para garantizar el respeto a los derechos de las personas y el fortalecimiento del Estado de Derecho.<\/p><p>Rebeca Aladro, se\u00f1al\u00f3 que esta conmemoraci\u00f3n se ha consolidado como un espacio para reconocer la responsabilidad de quienes desde los tribunales tienen la tarea de impartir justicia y garantizar la vigencia del Estado de Derecho.<\/p><p>Indic\u00f3 que esta fecha se ha convertido en una oportunidad para reflexionar sobre el papel que desempe\u00f1an los impartidores de justicia, en la protecci\u00f3n de los derechos y c\u00f3mo con ello contribuye en el fortalecimiento de las instituciones democr\u00e1ticas de nuestro pa\u00eds.<\/p><p>En este contexto, la Magistrada Rebeca Aladro dijo que la fortaleza de cualquier sistema judicial no depende \u00fanicamente de estructuras o de normas, sino la calidad \u00e9tica y profesional que lo quienes lo integran, de juezas y jueces que desde la primera instancia conocen los conflictos de las personas y garantizan el acceso efectivo a la justicia, as\u00ed como de las magistradas y los magistrados que revisan con rigor jur\u00eddico resoluciones en segunda instancia<\/p><p>Finalmente, se realiz\u00f3 una Guardia de Honor en el Monumento al Juez de la sede del Poder Judicial, en donde la Magistrada Rebeca Aladro, estuvo acompa\u00f1ada tambi\u00e9n por los integrantes de la Asociaci\u00f3n de Jueces del Estado de Hidalgo, en donde se coloc\u00f3 un arreglo floral y se record\u00f3 a quienes han dedicado su vida en defensa de los derechos humanos y la justicia.<\/p>\t\t\t\t\t\t<\/div>\n\t\t\t\t<\/div>\n\t\t\t\t\t<\/div>\n\t\t<\/div>\n\t\t\t\t\t\t\t<\/div>\n\t\t<\/section>\n\t\t\t\t\t\t\t<\/div>\n\t\t","protected":false},"excerpt":{"rendered":"<p>\u00a0Pachuca, Hgo., 8 de marzo de 2026.- El Poder Judicial del Estado de Hidalgo, rindi\u00f3 homenaje a sus magistradas, magistrados, juezas y jueces, en el D\u00eda de la Juzgadora y el Juzgador Mexicanos. En el marco del D\u00eda de la Juzgadora y el Juzgador Mexicanos, la Magistrada Presidenta del Tribunal Superior de Justicia del Estado [&hellip;]<\/p>\n","protected":false},"author":1,"featured_media":105728,"comment_status":"closed","ping_status":"closed","sticky":false,"template":"","format":"standard","meta":[],"categories":[7],"tags":[],"_links":{"self":[{"href":"https:\/\/www.diarionoti7.com.mx\/index.php?rest_route=\/wp\/v2\/posts\/105726"}],"collection":[{"href":"https:\/\/www.diarionoti7.com.mx\/index.php?rest_route=\/wp\/v2\/posts"}],"about":[{"href":"https:\/\/www.diarionoti7.com.mx\/index.php?rest_route=\/wp\/v2\/types\/post"}],"author":[{"embeddable":true,"href":"https:\/\/www.diarionoti7.com.mx\/index.php?rest_route=\/wp\/v2\/users\/1"}],"replies":[{"embeddable":true,"href":"https:\/\/www.diarionoti7.com.mx\/index.php?rest_route=%2Fwp%2Fv2%2Fcomments&post=105726"}],"version-history":[{"count":4,"href":"https:\/\/www.diarionoti7.com.mx\/index.php?rest_route=\/wp\/v2\/posts\/105726\/revisions"}],"predecessor-version":[{"id":105731,"href":"https:\/\/www.diarionoti7.com.mx\/index.php?rest_route=\/wp\/v2\/posts\/105726\/revisions\/105731"}],"wp:featuredmedia":[{"embeddable":true,"href":"https:\/\/www.diarionoti7.com.mx\/index.php?rest_route=\/wp\/v2\/media\/105728"}],"wp:attachment":[{"href":"https:\/\/www.diarionoti7.com.mx\/index.php?rest_route=%2Fwp%2Fv2%2Fmedia&parent=105726"}],"wp:term":[{"taxonomy":"category","embeddable":true,"href":"https:\/\/www.diarionoti7.com.mx\/index.php?rest_route=%2Fwp%2Fv2%2Fcategories&post=105726"},{"taxonomy":"post_tag","embeddable":true,"href":"https:\/\/www.diarionoti7.com.mx\/index.php?rest_route=%2Fwp%2Fv2%2Ftags&post=105726"}],"curies":[{"name":"wp","href":"https:\/\/api.w.org\/{rel}","templated":true}]}}