{"id":105644,"date":"2026-03-08T09:38:46","date_gmt":"2026-03-08T09:38:46","guid":{"rendered":"https:\/\/www.diarionoti7.com.mx\/?p=105644"},"modified":"2026-03-08T20:40:10","modified_gmt":"2026-03-08T20:40:10","slug":"las-concesiones-otorgadas-para-el-servicio-de-transporte-publico-son-exclusivamente-para-la-transportacion-de-personas","status":"publish","type":"post","link":"https:\/\/www.diarionoti7.com.mx\/?p=105644","title":{"rendered":"Las Concesiones Otorgadas Para el Servicio de Transporte P\u00fablico Son Exclusivamente Para la Transportaci\u00f3n de Personas"},"content":{"rendered":"\t\t<div data-elementor-type=\"wp-post\" data-elementor-id=\"105644\" class=\"elementor elementor-105644\">\n\t\t\t\t\t\t\t\t\t<section class=\"elementor-section elementor-top-section elementor-element elementor-element-c09b8f0 elementor-section-boxed elementor-section-height-default elementor-section-height-default\" data-id=\"c09b8f0\" data-element_type=\"section\">\n\t\t\t\t\t\t<div class=\"elementor-container elementor-column-gap-default\">\n\t\t\t\t\t<div class=\"elementor-column elementor-col-100 elementor-top-column elementor-element elementor-element-955a561\" data-id=\"955a561\" data-element_type=\"column\">\n\t\t\t<div class=\"elementor-widget-wrap elementor-element-populated\">\n\t\t\t\t\t\t\t\t<div class=\"elementor-element elementor-element-0ce869c elementor-widget elementor-widget-text-editor\" data-id=\"0ce869c\" data-element_type=\"widget\" data-widget_type=\"text-editor.default\">\n\t\t\t\t<div class=\"elementor-widget-container\">\n\t\t\t<style>\/*! elementor - v3.10.2 - 29-01-2023 *\/\n.elementor-widget-text-editor.elementor-drop-cap-view-stacked .elementor-drop-cap{background-color:#818a91;color:#fff}.elementor-widget-text-editor.elementor-drop-cap-view-framed .elementor-drop-cap{color:#818a91;border:3px solid;background-color:transparent}.elementor-widget-text-editor:not(.elementor-drop-cap-view-default) .elementor-drop-cap{margin-top:8px}.elementor-widget-text-editor:not(.elementor-drop-cap-view-default) .elementor-drop-cap-letter{width:1em;height:1em}.elementor-widget-text-editor .elementor-drop-cap{float:left;text-align:center;line-height:1;font-size:50px}.elementor-widget-text-editor .elementor-drop-cap-letter{display:inline-block}<\/style>\t\t\t\t<p><strong>*No pueden destinarse al transporte de paqueter\u00eda o mercanc\u00edas que no correspondan a la funci\u00f3n autorizada,<\/strong><\/p><p><strong>Pachuca, Hgo., 7 de marzo de 2026.-<\/strong>La Secretar\u00eda de Movilidad y Transporte (Semot), a trav\u00e9s de su organismo sectorizado, el Sistema de Transporte Convencional de Hidalgo (STCH), informa a las personas concesionarias y operadoras lo siguiente:<\/p><p>Los veh\u00edculos destinados para la prestaci\u00f3n del servicio p\u00fablico de transporte en sus modalidades de colectivo e individual, deber\u00e1n operar conforme a los t\u00e9rminos establecidos en la concesi\u00f3n correspondiente, garantizando en todo momento la continuidad y adecuada prestaci\u00f3n del servicio a la ciudadan\u00eda.<\/p><p>En este sentido, las unidades deber\u00e1n destinarse exclusivamente a la funci\u00f3n para la cual fueron autorizadas, por lo que cualquier uso distinto que afecte o interrumpa la prestaci\u00f3n del servicio, dar\u00e1 lugar a la aplicaci\u00f3n de las sanciones previstas en la Ley de Movilidad y Transporte para el Estado de Hidalgo, entre las cuales destaca la revocaci\u00f3n de la concesi\u00f3n.<\/p><p>De acuerdo con la normativa vigente, las concesiones otorgadas para el servicio de transporte p\u00fablico son exclusivamente para la transportaci\u00f3n de personas, por lo que no pueden destinarse al transporte de paqueter\u00eda o mercanc\u00edas que no correspondan a la funci\u00f3n autorizada, en t\u00e9rminos de los Art\u00edculos 49 y 50 de la Ley de Movilidad y Transporte para el Estado de Hidalgo.<\/p><p>La Semot reitera su disposici\u00f3n permanente al di\u00e1logo para atender los planteamientos e inquietudes de las personas que integran el sector transportista, asimismo, hace un en\u00e9rgico llamado para que se garantice un servicio de transporte seguro, ordenado y de calidad en beneficio de las personas usuarias.<\/p><p>\u00a0<\/p>\t\t\t\t\t\t<\/div>\n\t\t\t\t<\/div>\n\t\t\t\t\t<\/div>\n\t\t<\/div>\n\t\t\t\t\t\t\t<\/div>\n\t\t<\/section>\n\t\t\t\t\t\t\t<\/div>\n\t\t","protected":false},"excerpt":{"rendered":"<p>*No pueden destinarse al transporte de paqueter\u00eda o mercanc\u00edas que no correspondan a la funci\u00f3n autorizada, Pachuca, Hgo., 7 de marzo de 2026.-La Secretar\u00eda de Movilidad y Transporte (Semot), a trav\u00e9s de su organismo sectorizado, el Sistema de Transporte Convencional de Hidalgo (STCH), informa a las personas concesionarias y operadoras lo siguiente: Los veh\u00edculos destinados [&hellip;]<\/p>\n","protected":false},"author":1,"featured_media":48334,"comment_status":"closed","ping_status":"closed","sticky":false,"template":"","format":"standard","meta":[],"categories":[6],"tags":[],"_links":{"self":[{"href":"https:\/\/www.diarionoti7.com.mx\/index.php?rest_route=\/wp\/v2\/posts\/105644"}],"collection":[{"href":"https:\/\/www.diarionoti7.com.mx\/index.php?rest_route=\/wp\/v2\/posts"}],"about":[{"href":"https:\/\/www.diarionoti7.com.mx\/index.php?rest_route=\/wp\/v2\/types\/post"}],"author":[{"embeddable":true,"href":"https:\/\/www.diarionoti7.com.mx\/index.php?rest_route=\/wp\/v2\/users\/1"}],"replies":[{"embeddable":true,"href":"https:\/\/www.diarionoti7.com.mx\/index.php?rest_route=%2Fwp%2Fv2%2Fcomments&post=105644"}],"version-history":[{"count":4,"href":"https:\/\/www.diarionoti7.com.mx\/index.php?rest_route=\/wp\/v2\/posts\/105644\/revisions"}],"predecessor-version":[{"id":105648,"href":"https:\/\/www.diarionoti7.com.mx\/index.php?rest_route=\/wp\/v2\/posts\/105644\/revisions\/105648"}],"wp:featuredmedia":[{"embeddable":true,"href":"https:\/\/www.diarionoti7.com.mx\/index.php?rest_route=\/wp\/v2\/media\/48334"}],"wp:attachment":[{"href":"https:\/\/www.diarionoti7.com.mx\/index.php?rest_route=%2Fwp%2Fv2%2Fmedia&parent=105644"}],"wp:term":[{"taxonomy":"category","embeddable":true,"href":"https:\/\/www.diarionoti7.com.mx\/index.php?rest_route=%2Fwp%2Fv2%2Fcategories&post=105644"},{"taxonomy":"post_tag","embeddable":true,"href":"https:\/\/www.diarionoti7.com.mx\/index.php?rest_route=%2Fwp%2Fv2%2Ftags&post=105644"}],"curies":[{"name":"wp","href":"https:\/\/api.w.org\/{rel}","templated":true}]}}