{"id":101828,"date":"2026-01-26T08:51:00","date_gmt":"2026-01-26T08:51:00","guid":{"rendered":"https:\/\/www.diarionoti7.com.mx\/?p=101828"},"modified":"2026-01-26T17:52:09","modified_gmt":"2026-01-26T17:52:09","slug":"presidenta-claudia-sheinbaum-inaugura-la-aduana-de-nuevo-laredo-en-tamaulipas-permitira-mayor-eficiencia-y-honestidad-en-la-recaudacion","status":"publish","type":"post","link":"https:\/\/www.diarionoti7.com.mx\/?p=101828","title":{"rendered":"Presidenta Claudia Sheinbaum Inaugura La Aduana de Nuevo Laredo en Tamaulipas; Permitir\u00e1 Mayor Eficiencia y Honestidad en La Recaudaci\u00f3n"},"content":{"rendered":"\t\t<div data-elementor-type=\"wp-post\" data-elementor-id=\"101828\" class=\"elementor elementor-101828\">\n\t\t\t\t\t\t\t\t\t<section class=\"elementor-section elementor-top-section elementor-element elementor-element-c09b8f0 elementor-section-boxed elementor-section-height-default elementor-section-height-default\" data-id=\"c09b8f0\" data-element_type=\"section\">\n\t\t\t\t\t\t<div class=\"elementor-container elementor-column-gap-default\">\n\t\t\t\t\t<div class=\"elementor-column elementor-col-100 elementor-top-column elementor-element elementor-element-955a561\" data-id=\"955a561\" data-element_type=\"column\">\n\t\t\t<div class=\"elementor-widget-wrap elementor-element-populated\">\n\t\t\t\t\t\t\t\t<div class=\"elementor-element elementor-element-0ce869c elementor-widget elementor-widget-text-editor\" data-id=\"0ce869c\" data-element_type=\"widget\" data-widget_type=\"text-editor.default\">\n\t\t\t\t<div class=\"elementor-widget-container\">\n\t\t\t<style>\/*! elementor - v3.10.2 - 29-01-2023 *\/\n.elementor-widget-text-editor.elementor-drop-cap-view-stacked .elementor-drop-cap{background-color:#818a91;color:#fff}.elementor-widget-text-editor.elementor-drop-cap-view-framed .elementor-drop-cap{color:#818a91;border:3px solid;background-color:transparent}.elementor-widget-text-editor:not(.elementor-drop-cap-view-default) .elementor-drop-cap{margin-top:8px}.elementor-widget-text-editor:not(.elementor-drop-cap-view-default) .elementor-drop-cap-letter{width:1em;height:1em}.elementor-widget-text-editor .elementor-drop-cap{float:left;text-align:center;line-height:1;font-size:50px}.elementor-widget-text-editor .elementor-drop-cap-letter{display:inline-block}<\/style>\t\t\t\t<p><strong>-\u201cEstas instalaciones nos van a permitir todav\u00eda mayor eficiencia, mayor productividad, mayor honestidad, mayor beneficio para las y los trabajadores de las aduanas\u201d, destac\u00f3 la Jefa del Ejecutivo Federal<\/strong><\/p><p><strong>-El objetivo en 2026 es incrementar la recaudaci\u00f3n en aduanas a un bill\u00f3n 500 mil mdp; entre 2024 y 2025 pas\u00f3 de un bill\u00f3n a un bill\u00f3n 250 mil mdp<\/strong><\/p><p><strong>-La nueva sede tuvo una inversi\u00f3n superior a los 4 mil mdp y gener\u00f3 m\u00e1s de 3 mil 700 empleos directos y 7 mil indirectos<\/strong><\/p><p><strong>Nuevo Laredo, Tamaulipas, 25 de enero de 2026.-<\/strong> La Presidenta de M\u00e9xico, Claudia Sheinbaum Pardo, inaugur\u00f3 la nueva sede de la Agencia Nacional de Aduanas de M\u00e9xico (ANAM) en Nuevo Laredo, Tamaulipas, instalaciones estrat\u00e9gicas que permitir\u00e1n mayor eficiencia, productividad y honestidad en la recaudaci\u00f3n, la cual aument\u00f3 25 por ciento entre 2024 y 2025, al pasar de un bill\u00f3n a un bill\u00f3n 250 mil millones de pesos (mdp), con el objetivo de incrementar este a\u00f1o a un bill\u00f3n 500 mil mdp.<\/p><p>\u201cEstas instalaciones, nos van a permitir todav\u00eda mayor eficiencia, mayor productividad, mayor honestidad, mayor beneficio para las y los trabajadores de las Aduanas y la centralizaci\u00f3n de todas las labores que se desarrollan en las Aduanas. Esa es una labor fundamental. Este a\u00f1o vamos por otros 250 mil millones de pesos adicionales, es decir: llegar a un bill\u00f3n 500 mil millones de pesos en los ingresos a las Aduanas; y adem\u00e1s, lograr mayor eficiencia en todos los procesos. Eso es posible gracias a esta instalaci\u00f3n y al trabajo coordinado que tenemos en el Gobierno de M\u00e9xico\u201d, enfatiz\u00f3.<\/p><p>Las aduanas, destac\u00f3 la Jefa del Ejecutivo Federal, representan seguridad nacional, desarrollo con bienestar y soberan\u00eda, por ello reconoci\u00f3 a los ingenieros militares de la Secretar\u00eda de la Defensa Nacional (Defensa) por la construcci\u00f3n de estas instalaciones aduaneras, las cuales tuvieron una inversi\u00f3n superior a los 4 mil mdp, que representan la dignificaci\u00f3n de las y los trabajadores.<\/p><p>\u201cAduanas antes depend\u00eda del SAT (Servicio de Administraci\u00f3n Tributaria), hasta que se constituy\u00f3 como una Agencia por su importancia. Y la visi\u00f3n de que todos los trabajadores y trabajadoras de aduanas pudieran concentrarse en estas instalaciones, lo que significa la dignificaci\u00f3n del trabajo de quienes laboran en esta instituci\u00f3n y al mismo tiempo concentrar los trabajos de la Agencia Nacional de Aduanas. Hoy se hace realidad esta decisi\u00f3n gracias a los ingenieros militares, que como siempre desarrollan con profesionalismo y excelencia el trabajo que desempe\u00f1an\u201d, agreg\u00f3.<\/p><p>Adem\u00e1s, agradeci\u00f3 a la Agencia de Transformaci\u00f3n Digital y Telecomunicaciones (ATDT) por la digitalizaci\u00f3n de tr\u00e1mites y procesos en coordinaci\u00f3n con el SAT.<\/p><p>El secretario de la Defensa Nacional, general Ricardo Trevilla Trejo, explic\u00f3 que Nuevo Laredo se eligi\u00f3 como sede central de las oficinas de la ANAM debido a que genera el mayor porcentaje en recaudaci\u00f3n fiscal con alrededor del 33 por ciento de todas las aduanas del resto del pa\u00eds, y su construcci\u00f3n mejorar\u00e1 la direcci\u00f3n y control de los servicios aduanales, adem\u00e1s de que aportar\u00e1 a verificar el apego a las normas de comercio exterior.<\/p><p>Se trat\u00f3 de una obra desarrollada desde una visi\u00f3n integral en 29 hect\u00e1reas con 320 mil metros cuadrados de construcci\u00f3n, generando m\u00e1s de 3 mil 700 empleos directos y 7 mil indirectos. Detall\u00f3 que el edificio principal tiene capacidad de mil 100 personas y cuenta con 600 viviendas para trabajadores y sus familias, as\u00ed como espacios de recreaci\u00f3n.<\/p><p>Agreg\u00f3 que a esta obra se suma la construcci\u00f3n, por parte de la Defensa Nacional, de siete secciones aduaneras en Baja California, 12 en Sonora, nueve en Chihuahua, cuatro en Coahuila y 16 en Tamaulipas, que concluyeron en 2024 y que est\u00e1n equipadas con aparatos de \u00faltima tecnolog\u00eda como detectores de mercanc\u00eda para evitar contrabando, laboratorios m\u00f3viles de hidrocarburos, rayos X m\u00f3viles, ferroviarios, vehiculares y para maletas.<\/p><p>Inform\u00f3 que en todas las aduanas se trabaja en coordinaci\u00f3n con la Oficina de Aduanas y Protecci\u00f3n Fronteriza de Estados Unidos (CBP, por sus siglas en ingl\u00e9s), lo que permite garantizar la seguridad con respeto a la soberan\u00eda. Y agreg\u00f3 que, desde la entrada de la Defensa a la operaci\u00f3n de aduanas en 2021, se han asegurado mil 533 armas, 4 mil 876 veh\u00edculos, 603 carros tanques, cerca de 50 millones de litros de hidrocarburos, alrededor de 5 toneladas de coca\u00edna, m\u00e1s de 4 toneladas de metanfetaminas, casi 180 mdp, m\u00e1s de 180 millones de d\u00f3lares y 177 mil euros.<\/p><p>El titular de la ANAM, Rafael Mar\u00edn Mollinedo, afirm\u00f3 que las aduanas protegen la soberan\u00eda, ordenan el comercio exterior y garantizan que M\u00e9xico participe en el mundo con legalidad, transparencia y reglas claras, por lo que asegur\u00f3 que la Aduana de Nuevo Laredo ser\u00e1 un nodo log\u00edstico del pa\u00eds. El gobernador de Tamaulipas, Am\u00e9rico Villarreal Anaya, destac\u00f3 que esta aduana le da reconocimiento a Nuevo Laredo como el puerto comercial y aduanero m\u00e1s importante de la frontera y de Am\u00e9rica Latina, adem\u00e1s de que abre paso a obras que aperturan nuevos caminos, particularmente en materia comercial.<\/p><p>\u00a0<\/p>\t\t\t\t\t\t<\/div>\n\t\t\t\t<\/div>\n\t\t\t\t\t<\/div>\n\t\t<\/div>\n\t\t\t\t\t\t\t<\/div>\n\t\t<\/section>\n\t\t\t\t\t\t\t<\/div>\n\t\t","protected":false},"excerpt":{"rendered":"<p>-\u201cEstas instalaciones nos van a permitir todav\u00eda mayor eficiencia, mayor productividad, mayor honestidad, mayor beneficio para las y los trabajadores de las aduanas\u201d, destac\u00f3 la Jefa del Ejecutivo Federal -El objetivo en 2026 es incrementar la recaudaci\u00f3n en aduanas a un bill\u00f3n 500 mil mdp; entre 2024 y 2025 pas\u00f3 de un bill\u00f3n a un [&hellip;]<\/p>\n","protected":false},"author":1,"featured_media":101830,"comment_status":"closed","ping_status":"closed","sticky":false,"template":"","format":"standard","meta":[],"categories":[3],"tags":[],"_links":{"self":[{"href":"https:\/\/www.diarionoti7.com.mx\/index.php?rest_route=\/wp\/v2\/posts\/101828"}],"collection":[{"href":"https:\/\/www.diarionoti7.com.mx\/index.php?rest_route=\/wp\/v2\/posts"}],"about":[{"href":"https:\/\/www.diarionoti7.com.mx\/index.php?rest_route=\/wp\/v2\/types\/post"}],"author":[{"embeddable":true,"href":"https:\/\/www.diarionoti7.com.mx\/index.php?rest_route=\/wp\/v2\/users\/1"}],"replies":[{"embeddable":true,"href":"https:\/\/www.diarionoti7.com.mx\/index.php?rest_route=%2Fwp%2Fv2%2Fcomments&post=101828"}],"version-history":[{"count":4,"href":"https:\/\/www.diarionoti7.com.mx\/index.php?rest_route=\/wp\/v2\/posts\/101828\/revisions"}],"predecessor-version":[{"id":101833,"href":"https:\/\/www.diarionoti7.com.mx\/index.php?rest_route=\/wp\/v2\/posts\/101828\/revisions\/101833"}],"wp:featuredmedia":[{"embeddable":true,"href":"https:\/\/www.diarionoti7.com.mx\/index.php?rest_route=\/wp\/v2\/media\/101830"}],"wp:attachment":[{"href":"https:\/\/www.diarionoti7.com.mx\/index.php?rest_route=%2Fwp%2Fv2%2Fmedia&parent=101828"}],"wp:term":[{"taxonomy":"category","embeddable":true,"href":"https:\/\/www.diarionoti7.com.mx\/index.php?rest_route=%2Fwp%2Fv2%2Fcategories&post=101828"},{"taxonomy":"post_tag","embeddable":true,"href":"https:\/\/www.diarionoti7.com.mx\/index.php?rest_route=%2Fwp%2Fv2%2Ftags&post=101828"}],"curies":[{"name":"wp","href":"https:\/\/api.w.org\/{rel}","templated":true}]}}