{"id":101810,"date":"2026-01-26T08:46:51","date_gmt":"2026-01-26T08:46:51","guid":{"rendered":"https:\/\/www.diarionoti7.com.mx\/?p=101810"},"modified":"2026-01-26T17:47:59","modified_gmt":"2026-01-26T17:47:59","slug":"bajo-la-politica-social-de-julio-menchaca-entregan-apoyos-del-programa-de-atencion-al-pueblo","status":"publish","type":"post","link":"https:\/\/www.diarionoti7.com.mx\/?p=101810","title":{"rendered":"Bajo la pol\u00edtica social de Julio Menchaca, entregan apoyos del Programa de Atenci\u00f3n al Pueblo"},"content":{"rendered":"\t\t<div data-elementor-type=\"wp-post\" data-elementor-id=\"101810\" class=\"elementor elementor-101810\">\n\t\t\t\t\t\t\t\t\t<section class=\"elementor-section elementor-top-section elementor-element elementor-element-c09b8f0 elementor-section-boxed elementor-section-height-default elementor-section-height-default\" data-id=\"c09b8f0\" data-element_type=\"section\">\n\t\t\t\t\t\t<div class=\"elementor-container elementor-column-gap-default\">\n\t\t\t\t\t<div class=\"elementor-column elementor-col-100 elementor-top-column elementor-element elementor-element-955a561\" data-id=\"955a561\" data-element_type=\"column\">\n\t\t\t<div class=\"elementor-widget-wrap elementor-element-populated\">\n\t\t\t\t\t\t\t\t<div class=\"elementor-element elementor-element-0ce869c elementor-widget elementor-widget-text-editor\" data-id=\"0ce869c\" data-element_type=\"widget\" data-widget_type=\"text-editor.default\">\n\t\t\t\t<div class=\"elementor-widget-container\">\n\t\t\t<style>\/*! elementor - v3.10.2 - 29-01-2023 *\/\n.elementor-widget-text-editor.elementor-drop-cap-view-stacked .elementor-drop-cap{background-color:#818a91;color:#fff}.elementor-widget-text-editor.elementor-drop-cap-view-framed .elementor-drop-cap{color:#818a91;border:3px solid;background-color:transparent}.elementor-widget-text-editor:not(.elementor-drop-cap-view-default) .elementor-drop-cap{margin-top:8px}.elementor-widget-text-editor:not(.elementor-drop-cap-view-default) .elementor-drop-cap-letter{width:1em;height:1em}.elementor-widget-text-editor .elementor-drop-cap{float:left;text-align:center;line-height:1;font-size:50px}.elementor-widget-text-editor .elementor-drop-cap-letter{display:inline-block}<\/style>\t\t\t\t<p><strong>-El Gobierno de Hidalgo fortalece la atenci\u00f3n directa y cercana a las familias hidalguenses.<\/strong><\/p><p><strong>Pachuca, Hgo., 25 de enero de 2026.-<\/strong>Con el firme compromiso de generar mejores condiciones para las y los hidalguenses y en seguimiento a la pol\u00edtica social impulsada por el gobernador Julio Menchaca, las Secretar\u00edas del Despacho y de Bienestar e Inclusi\u00f3n Social realizaron la entrega simb\u00f3lica de apoyos del Programa de Atenci\u00f3n al Pueblo.<\/p><p>Durante su intervenci\u00f3n, la directora general de Atenci\u00f3n al Pueblo del Despacho del Gobernador, Analinn Rivera Delgado, explic\u00f3 que esta estrategia integra apoyos sociales para el mejoramiento de la vivienda y la atenci\u00f3n a la salud, atenci\u00f3n de emergencias, as\u00ed como el impulso de actividades productivas y apoyos a proyectos comunitarios.<\/p><p>\u201cHoy entregamos confianza, acompa\u00f1amiento y esperanza organizada. Este es un gobierno que escucha, que camina, que toca puertas, que va casa por casa, que mira a los ojos y que responde\u201d, expres\u00f3 la funcionaria estatal.<\/p><p>Asimismo, y a nombre del gobernador Julio Menchaca y del secretario del Despacho, Alejandro Vel\u00e1zquez Mendoza, Rivera Delgado reiter\u00f3 el reconocimiento a las y los Servidores del Pueblo, as\u00ed como a las y los integrantes de la Direcci\u00f3n General de Atenci\u00f3n al Pueblo, por su compromiso y vocaci\u00f3n de servicio.<\/p><p>\u201cEste programa permite atender diferentes aspectos; individuales y colectivos\u201d, declar\u00f3 en su momento el secretario de Bienestar e Inclusi\u00f3n Social, Ricardo G\u00f3mez Moreno, quien abund\u00f3 que el Programa de Atenci\u00f3n al Pueblo surge para dar seguimiento puntual a las solicitudes dirigidas al mandatario estatal, las cuales son analizadas y atendidas en coordinaci\u00f3n con el Despacho del Gobernador, a fin de brindar respuestas oportunas y soluciones concretas a las necesidades m\u00e1s sentidas de la poblaci\u00f3n.<\/p><p>\u00a0<\/p>\t\t\t\t\t\t<\/div>\n\t\t\t\t<\/div>\n\t\t\t\t\t<\/div>\n\t\t<\/div>\n\t\t\t\t\t\t\t<\/div>\n\t\t<\/section>\n\t\t\t\t\t\t\t<\/div>\n\t\t","protected":false},"excerpt":{"rendered":"<p>-El Gobierno de Hidalgo fortalece la atenci\u00f3n directa y cercana a las familias hidalguenses. Pachuca, Hgo., 25 de enero de 2026.-Con el firme compromiso de generar mejores condiciones para las y los hidalguenses y en seguimiento a la pol\u00edtica social impulsada por el gobernador Julio Menchaca, las Secretar\u00edas del Despacho y de Bienestar e Inclusi\u00f3n [&hellip;]<\/p>\n","protected":false},"author":1,"featured_media":101812,"comment_status":"closed","ping_status":"closed","sticky":false,"template":"","format":"standard","meta":[],"categories":[7],"tags":[],"_links":{"self":[{"href":"https:\/\/www.diarionoti7.com.mx\/index.php?rest_route=\/wp\/v2\/posts\/101810"}],"collection":[{"href":"https:\/\/www.diarionoti7.com.mx\/index.php?rest_route=\/wp\/v2\/posts"}],"about":[{"href":"https:\/\/www.diarionoti7.com.mx\/index.php?rest_route=\/wp\/v2\/types\/post"}],"author":[{"embeddable":true,"href":"https:\/\/www.diarionoti7.com.mx\/index.php?rest_route=\/wp\/v2\/users\/1"}],"replies":[{"embeddable":true,"href":"https:\/\/www.diarionoti7.com.mx\/index.php?rest_route=%2Fwp%2Fv2%2Fcomments&post=101810"}],"version-history":[{"count":4,"href":"https:\/\/www.diarionoti7.com.mx\/index.php?rest_route=\/wp\/v2\/posts\/101810\/revisions"}],"predecessor-version":[{"id":101815,"href":"https:\/\/www.diarionoti7.com.mx\/index.php?rest_route=\/wp\/v2\/posts\/101810\/revisions\/101815"}],"wp:featuredmedia":[{"embeddable":true,"href":"https:\/\/www.diarionoti7.com.mx\/index.php?rest_route=\/wp\/v2\/media\/101812"}],"wp:attachment":[{"href":"https:\/\/www.diarionoti7.com.mx\/index.php?rest_route=%2Fwp%2Fv2%2Fmedia&parent=101810"}],"wp:term":[{"taxonomy":"category","embeddable":true,"href":"https:\/\/www.diarionoti7.com.mx\/index.php?rest_route=%2Fwp%2Fv2%2Fcategories&post=101810"},{"taxonomy":"post_tag","embeddable":true,"href":"https:\/\/www.diarionoti7.com.mx\/index.php?rest_route=%2Fwp%2Fv2%2Ftags&post=101810"}],"curies":[{"name":"wp","href":"https:\/\/api.w.org\/{rel}","templated":true}]}}