{"id":101804,"date":"2026-01-26T08:45:39","date_gmt":"2026-01-26T08:45:39","guid":{"rendered":"https:\/\/www.diarionoti7.com.mx\/?p=101804"},"modified":"2026-01-26T17:46:44","modified_gmt":"2026-01-26T17:46:44","slug":"morena-participara-en-foros-convocados-por-el-congreso-para-discutir-postulacion-de-mujeres-a-la-gubernatura-en-2028","status":"publish","type":"post","link":"https:\/\/www.diarionoti7.com.mx\/?p=101804","title":{"rendered":"Morena Participara en Foros Convocados por el Congreso Para Discutir Postulaci\u00f3n de Mujeres a la Gubernatura en 2028"},"content":{"rendered":"\t\t<div data-elementor-type=\"wp-post\" data-elementor-id=\"101804\" class=\"elementor elementor-101804\">\n\t\t\t\t\t\t\t\t\t<section class=\"elementor-section elementor-top-section elementor-element elementor-element-c09b8f0 elementor-section-boxed elementor-section-height-default elementor-section-height-default\" data-id=\"c09b8f0\" data-element_type=\"section\">\n\t\t\t\t\t\t<div class=\"elementor-container elementor-column-gap-default\">\n\t\t\t\t\t<div class=\"elementor-column elementor-col-100 elementor-top-column elementor-element elementor-element-955a561\" data-id=\"955a561\" data-element_type=\"column\">\n\t\t\t<div class=\"elementor-widget-wrap elementor-element-populated\">\n\t\t\t\t\t\t\t\t<div class=\"elementor-element elementor-element-0ce869c elementor-widget elementor-widget-text-editor\" data-id=\"0ce869c\" data-element_type=\"widget\" data-widget_type=\"text-editor.default\">\n\t\t\t\t<div class=\"elementor-widget-container\">\n\t\t\t<style>\/*! elementor - v3.10.2 - 29-01-2023 *\/\n.elementor-widget-text-editor.elementor-drop-cap-view-stacked .elementor-drop-cap{background-color:#818a91;color:#fff}.elementor-widget-text-editor.elementor-drop-cap-view-framed .elementor-drop-cap{color:#818a91;border:3px solid;background-color:transparent}.elementor-widget-text-editor:not(.elementor-drop-cap-view-default) .elementor-drop-cap{margin-top:8px}.elementor-widget-text-editor:not(.elementor-drop-cap-view-default) .elementor-drop-cap-letter{width:1em;height:1em}.elementor-widget-text-editor .elementor-drop-cap{float:left;text-align:center;line-height:1;font-size:50px}.elementor-widget-text-editor .elementor-drop-cap-letter{display:inline-block}<\/style>\t\t\t\t<p><strong>-Adem\u00e1s, la posible ampliaci\u00f3n del periodo del Gobierno de Hidalgo de 2 a 5 a\u00f1os.<\/strong><\/p><p>Marco Antonio Rico Mercado, presidente del Comit\u00e9 Ejecutivo Estatal de Morena inform\u00f3 que acompa\u00f1ar\u00e1 los foros que organizar\u00e1 el Congreso local para informar a la sociedad sobre las propuestas que se impulsan en materia electoral, espec\u00edficamente la de\u00a0obligar a los partidos pol\u00edticos a postular exclusivamente a mujeres\u00a0al cargo de gubernatura en 2028, as\u00ed como\u00a0ampliar el periodo de mandato del Gobierno de Hidalgo, de dos a cinco o seis a\u00f1os.<\/p><p>Rico Mercado, dijo que el objetivo de Morena es impulsar una\u00a0proposici\u00f3n reivindicatoria\u00a0para lograr la alternancia de g\u00e9nero en el cargo de gobernador y\u00a0saldar una deuda hist\u00f3rica con las mujeres\u00a0en el pr\u00f3ximo proceso electoral.<\/p><p>Remarco: \u201cEn mi posici\u00f3n personal, creo que tenemos una deuda con las mujeres en ese sentido, por eso no comparto cuando dicen que se comete una injusticia o agravio, pero hay una injusticia mayor, si podemos medir las injusticias, precisamente es hacia el g\u00e9nero de la mujer\u201d.<\/p><p>Como se recordar\u00e1 en agosto de 2021 el Congreso de Hidalgo reform\u00f3 el\u00a0art\u00edculo 62 de la Constituci\u00f3n Pol\u00edtica del estado\u00a0para establecer que en las elecciones a la gubernatura los partidos est\u00e9n obligados a alternar la postulaci\u00f3n de mujeres y hombres en cada periodo, aunque no se contempla exclusividad para un g\u00e9nero.<\/p><p>Los congresos de Nuevo Le\u00f3n y San Luis Potos\u00ed pretend\u00edan impulsar iniciativas para que las fuerzas pol\u00edticas o alianzas postulen \u00fanicamente a mujeres, pero la presidenta\u00a0Claudia Sheinbaum Pardo\u00a0llam\u00f3 a respetar lo establecido en la\u00a0Constituci\u00f3n Pol\u00edtica de los Estados Unidos Mexicanos\u00a0en cuanto a la alternancia de g\u00e9nero en las gubernaturas, ya que la Carta Magna no establece la obligaci\u00f3n de postular exclusivamente mujeres.<\/p><p>\u00a0<\/p>\t\t\t\t\t\t<\/div>\n\t\t\t\t<\/div>\n\t\t\t\t\t<\/div>\n\t\t<\/div>\n\t\t\t\t\t\t\t<\/div>\n\t\t<\/section>\n\t\t\t\t\t\t\t<\/div>\n\t\t","protected":false},"excerpt":{"rendered":"<p>-Adem\u00e1s, la posible ampliaci\u00f3n del periodo del Gobierno de Hidalgo de 2 a 5 a\u00f1os. Marco Antonio Rico Mercado, presidente del Comit\u00e9 Ejecutivo Estatal de Morena inform\u00f3 que acompa\u00f1ar\u00e1 los foros que organizar\u00e1 el Congreso local para informar a la sociedad sobre las propuestas que se impulsan en materia electoral, espec\u00edficamente la de\u00a0obligar a los [&hellip;]<\/p>\n","protected":false},"author":1,"featured_media":101806,"comment_status":"closed","ping_status":"closed","sticky":false,"template":"","format":"standard","meta":[],"categories":[3],"tags":[],"_links":{"self":[{"href":"https:\/\/www.diarionoti7.com.mx\/index.php?rest_route=\/wp\/v2\/posts\/101804"}],"collection":[{"href":"https:\/\/www.diarionoti7.com.mx\/index.php?rest_route=\/wp\/v2\/posts"}],"about":[{"href":"https:\/\/www.diarionoti7.com.mx\/index.php?rest_route=\/wp\/v2\/types\/post"}],"author":[{"embeddable":true,"href":"https:\/\/www.diarionoti7.com.mx\/index.php?rest_route=\/wp\/v2\/users\/1"}],"replies":[{"embeddable":true,"href":"https:\/\/www.diarionoti7.com.mx\/index.php?rest_route=%2Fwp%2Fv2%2Fcomments&post=101804"}],"version-history":[{"count":4,"href":"https:\/\/www.diarionoti7.com.mx\/index.php?rest_route=\/wp\/v2\/posts\/101804\/revisions"}],"predecessor-version":[{"id":101809,"href":"https:\/\/www.diarionoti7.com.mx\/index.php?rest_route=\/wp\/v2\/posts\/101804\/revisions\/101809"}],"wp:featuredmedia":[{"embeddable":true,"href":"https:\/\/www.diarionoti7.com.mx\/index.php?rest_route=\/wp\/v2\/media\/101806"}],"wp:attachment":[{"href":"https:\/\/www.diarionoti7.com.mx\/index.php?rest_route=%2Fwp%2Fv2%2Fmedia&parent=101804"}],"wp:term":[{"taxonomy":"category","embeddable":true,"href":"https:\/\/www.diarionoti7.com.mx\/index.php?rest_route=%2Fwp%2Fv2%2Fcategories&post=101804"},{"taxonomy":"post_tag","embeddable":true,"href":"https:\/\/www.diarionoti7.com.mx\/index.php?rest_route=%2Fwp%2Fv2%2Ftags&post=101804"}],"curies":[{"name":"wp","href":"https:\/\/api.w.org\/{rel}","templated":true}]}}