{"id":101768,"date":"2026-01-26T08:27:06","date_gmt":"2026-01-26T08:27:06","guid":{"rendered":"https:\/\/www.diarionoti7.com.mx\/?p=101768"},"modified":"2026-01-26T17:28:05","modified_gmt":"2026-01-26T17:28:05","slug":"semarnath-encabeza-el-combate-a-incendio-de-interfaz-urbano-tipo-3-en-la-serrania-de-pachuca","status":"publish","type":"post","link":"https:\/\/www.diarionoti7.com.mx\/?p=101768","title":{"rendered":"SEMARNATH encabeza el combate a incendio de interfaz urbano tipo 3 en la serran\u00eda de Pachuca"},"content":{"rendered":"\t\t<div data-elementor-type=\"wp-post\" data-elementor-id=\"101768\" class=\"elementor elementor-101768\">\n\t\t\t\t\t\t\t\t\t<section class=\"elementor-section elementor-top-section elementor-element elementor-element-c09b8f0 elementor-section-boxed elementor-section-height-default elementor-section-height-default\" data-id=\"c09b8f0\" data-element_type=\"section\">\n\t\t\t\t\t\t<div class=\"elementor-container elementor-column-gap-default\">\n\t\t\t\t\t<div class=\"elementor-column elementor-col-100 elementor-top-column elementor-element elementor-element-955a561\" data-id=\"955a561\" data-element_type=\"column\">\n\t\t\t<div class=\"elementor-widget-wrap elementor-element-populated\">\n\t\t\t\t\t\t\t\t<div class=\"elementor-element elementor-element-0ce869c elementor-widget elementor-widget-text-editor\" data-id=\"0ce869c\" data-element_type=\"widget\" data-widget_type=\"text-editor.default\">\n\t\t\t\t<div class=\"elementor-widget-container\">\n\t\t\t<style>\/*! elementor - v3.10.2 - 29-01-2023 *\/\n.elementor-widget-text-editor.elementor-drop-cap-view-stacked .elementor-drop-cap{background-color:#818a91;color:#fff}.elementor-widget-text-editor.elementor-drop-cap-view-framed .elementor-drop-cap{color:#818a91;border:3px solid;background-color:transparent}.elementor-widget-text-editor:not(.elementor-drop-cap-view-default) .elementor-drop-cap{margin-top:8px}.elementor-widget-text-editor:not(.elementor-drop-cap-view-default) .elementor-drop-cap-letter{width:1em;height:1em}.elementor-widget-text-editor .elementor-drop-cap{float:left;text-align:center;line-height:1;font-size:50px}.elementor-widget-text-editor .elementor-drop-cap-letter{display:inline-block}<\/style>\t\t\t\t<p><strong>Pachuca, Hgo., 25 de enero de 2026.-<\/strong>La Secretar\u00eda de Medio Ambiente y Recursos Naturales de Hidalgo (SEMARNATH) encabeza los trabajos de combate y control de un incendio de interfaz urbano tipo 3 registrado en la serran\u00eda de Pachuca, entre los barrios El Arbolito y Nueva Estrella, en coordinaci\u00f3n con el Cuerpo de Bomberos del Estado, Protecci\u00f3n Civil municipal de Pachuca y la Comisi\u00f3n Nacional Forestal (CONAFOR).<\/p><p>En las labores participan 36 elementos: 20 de la SEMARNATH, 9 del Cuerpo de Bomberos del Estado y 7 de Protecci\u00f3n Civil municipal.<\/p><p>Para la coordinaci\u00f3n operativa se instal\u00f3 un Puesto de Comando Unificado en la cancha del Popolo, en el Barrio del Arbolito, donde personal t\u00e9cnico de la SEMARNATH, Bomberos del Estado y Protecci\u00f3n Civil municipal aplican el Sistema de Comando de Incidentes (SCI).<\/p><p>Las autoridades informaron que no existe riesgo para la poblaci\u00f3n. Las acciones se concentran en el establecimiento del control del incendio mediante la apertura de brechas cortafuego y el ataque directo en las zonas donde las condiciones lo permiten, priorizando en todo momento la seguridad del personal.<\/p><p>Asimismo, se inform\u00f3 que el combate en el flanco m\u00e1s activo del incendio es encabezado por la SEMARNATH, la CONAFOR y Protecci\u00f3n Civil de Pachuca, debido a las condiciones del terreno y al comportamiento del fuego en esa zona.<\/p><p>Debido a la topograf\u00eda de la serran\u00eda de Pachuca, caracterizada por antiguas zonas de actividad minera y desprendimiento de roca, las labores se orientan en contra direcci\u00f3n a la zona de ca\u00f1ada, a fin de reducir riesgos para el personal operativo.<\/p><p>Se reportan condiciones meteorol\u00f3gicas adversas, con rachas de viento y cambios constantes en la direcci\u00f3n del viento, lo que dificulta las labores de control.<\/p>\t\t\t\t\t\t<\/div>\n\t\t\t\t<\/div>\n\t\t\t\t\t<\/div>\n\t\t<\/div>\n\t\t\t\t\t\t\t<\/div>\n\t\t<\/section>\n\t\t\t\t\t\t\t<\/div>\n\t\t","protected":false},"excerpt":{"rendered":"<p>Pachuca, Hgo., 25 de enero de 2026.-La Secretar\u00eda de Medio Ambiente y Recursos Naturales de Hidalgo (SEMARNATH) encabeza los trabajos de combate y control de un incendio de interfaz urbano tipo 3 registrado en la serran\u00eda de Pachuca, entre los barrios El Arbolito y Nueva Estrella, en coordinaci\u00f3n con el Cuerpo de Bomberos del Estado, [&hellip;]<\/p>\n","protected":false},"author":1,"featured_media":101770,"comment_status":"closed","ping_status":"closed","sticky":false,"template":"","format":"standard","meta":[],"categories":[9],"tags":[],"_links":{"self":[{"href":"https:\/\/www.diarionoti7.com.mx\/index.php?rest_route=\/wp\/v2\/posts\/101768"}],"collection":[{"href":"https:\/\/www.diarionoti7.com.mx\/index.php?rest_route=\/wp\/v2\/posts"}],"about":[{"href":"https:\/\/www.diarionoti7.com.mx\/index.php?rest_route=\/wp\/v2\/types\/post"}],"author":[{"embeddable":true,"href":"https:\/\/www.diarionoti7.com.mx\/index.php?rest_route=\/wp\/v2\/users\/1"}],"replies":[{"embeddable":true,"href":"https:\/\/www.diarionoti7.com.mx\/index.php?rest_route=%2Fwp%2Fv2%2Fcomments&post=101768"}],"version-history":[{"count":4,"href":"https:\/\/www.diarionoti7.com.mx\/index.php?rest_route=\/wp\/v2\/posts\/101768\/revisions"}],"predecessor-version":[{"id":101773,"href":"https:\/\/www.diarionoti7.com.mx\/index.php?rest_route=\/wp\/v2\/posts\/101768\/revisions\/101773"}],"wp:featuredmedia":[{"embeddable":true,"href":"https:\/\/www.diarionoti7.com.mx\/index.php?rest_route=\/wp\/v2\/media\/101770"}],"wp:attachment":[{"href":"https:\/\/www.diarionoti7.com.mx\/index.php?rest_route=%2Fwp%2Fv2%2Fmedia&parent=101768"}],"wp:term":[{"taxonomy":"category","embeddable":true,"href":"https:\/\/www.diarionoti7.com.mx\/index.php?rest_route=%2Fwp%2Fv2%2Fcategories&post=101768"},{"taxonomy":"post_tag","embeddable":true,"href":"https:\/\/www.diarionoti7.com.mx\/index.php?rest_route=%2Fwp%2Fv2%2Ftags&post=101768"}],"curies":[{"name":"wp","href":"https:\/\/api.w.org\/{rel}","templated":true}]}}