{"id":101745,"date":"2026-01-25T09:38:41","date_gmt":"2026-01-25T09:38:41","guid":{"rendered":"https:\/\/www.diarionoti7.com.mx\/?p=101745"},"modified":"2026-01-25T19:39:23","modified_gmt":"2026-01-25T19:39:23","slug":"pacmyc-2026-ofrece-hasta-150-mil-pesos-para-proyectos-culturales-comunitarios","status":"publish","type":"post","link":"https:\/\/www.diarionoti7.com.mx\/?p=101745","title":{"rendered":"PACMyC 2026 Ofrece Hasta 150 Mil Pesos Para Proyectos Culturales Comunitarios"},"content":{"rendered":"\t\t<div data-elementor-type=\"wp-post\" data-elementor-id=\"101745\" class=\"elementor elementor-101745\">\n\t\t\t\t\t\t\t\t\t<section class=\"elementor-section elementor-top-section elementor-element elementor-element-c09b8f0 elementor-section-boxed elementor-section-height-default elementor-section-height-default\" data-id=\"c09b8f0\" data-element_type=\"section\">\n\t\t\t\t\t\t<div class=\"elementor-container elementor-column-gap-default\">\n\t\t\t\t\t<div class=\"elementor-column elementor-col-100 elementor-top-column elementor-element elementor-element-955a561\" data-id=\"955a561\" data-element_type=\"column\">\n\t\t\t<div class=\"elementor-widget-wrap elementor-element-populated\">\n\t\t\t\t\t\t\t\t<div class=\"elementor-element elementor-element-0ce869c elementor-widget elementor-widget-text-editor\" data-id=\"0ce869c\" data-element_type=\"widget\" data-widget_type=\"text-editor.default\">\n\t\t\t\t<div class=\"elementor-widget-container\">\n\t\t\t<style>\/*! elementor - v3.10.2 - 29-01-2023 *\/\n.elementor-widget-text-editor.elementor-drop-cap-view-stacked .elementor-drop-cap{background-color:#818a91;color:#fff}.elementor-widget-text-editor.elementor-drop-cap-view-framed .elementor-drop-cap{color:#818a91;border:3px solid;background-color:transparent}.elementor-widget-text-editor:not(.elementor-drop-cap-view-default) .elementor-drop-cap{margin-top:8px}.elementor-widget-text-editor:not(.elementor-drop-cap-view-default) .elementor-drop-cap-letter{width:1em;height:1em}.elementor-widget-text-editor .elementor-drop-cap{float:left;text-align:center;line-height:1;font-size:50px}.elementor-widget-text-editor .elementor-drop-cap-letter{display:inline-block}<\/style>\t\t\t\t<p><strong>-La convocatoria est\u00e1 dirigida a personas portadoras de la cultura, mayores de 18 a\u00f1os, organizadas de manera colectiva y con respaldo de su comunidad<\/strong><\/p><p><strong>&#8211; El registro estar\u00e1 hasta el 29 de abril de 2026, puede consultarse en el sitio oficial de la Secretar\u00eda de Cultura de Hidalgo<\/strong><\/p><p><strong>Pachuca, Hgo., 23 de enero de 2026.-<\/strong>La Secretar\u00eda de Cultura del Gobierno de M\u00e9xico, a trav\u00e9s de la Unidad de Culturas Vivas, Patrimonio Inmaterial e Interculturalidad, en coordinaci\u00f3n con la Secretar\u00eda de Cultura del Estado de Hidalgo, invita a participar en la convocatoria del Programa de Apoyos a las Culturas Municipales y Comunitarias (PACMyC) 2026.<\/p><p>La convocatoria est\u00e1 dirigida a colectivos conformados por al menos cinco personas mayores de edad, reconocidas en su comunidad, que presenten proyectos culturales con impacto directo en su localidad o municipio.<\/p><p>Los proyectos deber\u00e1n estar orientados promover la creatividad, la autogesti\u00f3n y el fortalecimiento de las identidades locales, con consentimiento comunitario.<\/p><p>Las propuestas podr\u00e1n inscribirse en \u00e1mbitos como arte popular, cocinas tradicionales, danzas y rituales, m\u00fasica, lenguas ind\u00edgenas y tradici\u00f3n oral, medios comunitarios, medicinas tradicionales, patrimonio biocultural, memoria hist\u00f3rica y otras expresiones de las culturas vivas.<\/p><p>El apoyo m\u00e1ximo por proyecto aprobado ser\u00e1 de hasta 150 mil pesos y la convocatoria permanecer\u00e1 abierta hasta el 29 de abril de 2026 a las 15:00 horas.<\/p><p>Las bases completas pueden consultarse en: https:\/\/culturahidalgo.gob.mx\/convocatoria-pacmyc-2026\/<\/p><p>Estas acciones forman parte del trabajo que impulsa el Gobierno del Estado de Hidalgo, encabezado por el gobernador Julio Menchaca Salazar, a trav\u00e9s de la Secretar\u00eda de Cultura, bajo la titularidad de Neyda Naranjo Baltazar, para fortalecer las culturas vivas y la participaci\u00f3n comunitaria.<\/p>\t\t\t\t\t\t<\/div>\n\t\t\t\t<\/div>\n\t\t\t\t\t<\/div>\n\t\t<\/div>\n\t\t\t\t\t\t\t<\/div>\n\t\t<\/section>\n\t\t\t\t\t\t\t<\/div>\n\t\t","protected":false},"excerpt":{"rendered":"<p>-La convocatoria est\u00e1 dirigida a personas portadoras de la cultura, mayores de 18 a\u00f1os, organizadas de manera colectiva y con respaldo de su comunidad &#8211; El registro estar\u00e1 hasta el 29 de abril de 2026, puede consultarse en el sitio oficial de la Secretar\u00eda de Cultura de Hidalgo Pachuca, Hgo., 23 de enero de 2026.-La [&hellip;]<\/p>\n","protected":false},"author":1,"featured_media":101709,"comment_status":"closed","ping_status":"closed","sticky":false,"template":"","format":"standard","meta":[],"categories":[7],"tags":[],"_links":{"self":[{"href":"https:\/\/www.diarionoti7.com.mx\/index.php?rest_route=\/wp\/v2\/posts\/101745"}],"collection":[{"href":"https:\/\/www.diarionoti7.com.mx\/index.php?rest_route=\/wp\/v2\/posts"}],"about":[{"href":"https:\/\/www.diarionoti7.com.mx\/index.php?rest_route=\/wp\/v2\/types\/post"}],"author":[{"embeddable":true,"href":"https:\/\/www.diarionoti7.com.mx\/index.php?rest_route=\/wp\/v2\/users\/1"}],"replies":[{"embeddable":true,"href":"https:\/\/www.diarionoti7.com.mx\/index.php?rest_route=%2Fwp%2Fv2%2Fcomments&post=101745"}],"version-history":[{"count":4,"href":"https:\/\/www.diarionoti7.com.mx\/index.php?rest_route=\/wp\/v2\/posts\/101745\/revisions"}],"predecessor-version":[{"id":101749,"href":"https:\/\/www.diarionoti7.com.mx\/index.php?rest_route=\/wp\/v2\/posts\/101745\/revisions\/101749"}],"wp:featuredmedia":[{"embeddable":true,"href":"https:\/\/www.diarionoti7.com.mx\/index.php?rest_route=\/wp\/v2\/media\/101709"}],"wp:attachment":[{"href":"https:\/\/www.diarionoti7.com.mx\/index.php?rest_route=%2Fwp%2Fv2%2Fmedia&parent=101745"}],"wp:term":[{"taxonomy":"category","embeddable":true,"href":"https:\/\/www.diarionoti7.com.mx\/index.php?rest_route=%2Fwp%2Fv2%2Fcategories&post=101745"},{"taxonomy":"post_tag","embeddable":true,"href":"https:\/\/www.diarionoti7.com.mx\/index.php?rest_route=%2Fwp%2Fv2%2Ftags&post=101745"}],"curies":[{"name":"wp","href":"https:\/\/api.w.org\/{rel}","templated":true}]}}