{"id":101701,"date":"2026-01-25T09:28:11","date_gmt":"2026-01-25T09:28:11","guid":{"rendered":"https:\/\/www.diarionoti7.com.mx\/?p=101701"},"modified":"2026-01-25T19:29:03","modified_gmt":"2026-01-25T19:29:03","slug":"abre-convocatoria-al-programa-estatal-de-educacion-artistica-febrero-junio-2026","status":"publish","type":"post","link":"https:\/\/www.diarionoti7.com.mx\/?p=101701","title":{"rendered":"Abre convocatoria al Programa Estatal de Educaci\u00f3n Art\u00edstica febrero\u2013junio 2026"},"content":{"rendered":"\t\t<div data-elementor-type=\"wp-post\" data-elementor-id=\"101701\" class=\"elementor elementor-101701\">\n\t\t\t\t\t\t\t\t\t<section class=\"elementor-section elementor-top-section elementor-element elementor-element-c09b8f0 elementor-section-boxed elementor-section-height-default elementor-section-height-default\" data-id=\"c09b8f0\" data-element_type=\"section\">\n\t\t\t\t\t\t<div class=\"elementor-container elementor-column-gap-default\">\n\t\t\t\t\t<div class=\"elementor-column elementor-col-100 elementor-top-column elementor-element elementor-element-955a561\" data-id=\"955a561\" data-element_type=\"column\">\n\t\t\t<div class=\"elementor-widget-wrap elementor-element-populated\">\n\t\t\t\t\t\t\t\t<div class=\"elementor-element elementor-element-0ce869c elementor-widget elementor-widget-text-editor\" data-id=\"0ce869c\" data-element_type=\"widget\" data-widget_type=\"text-editor.default\">\n\t\t\t\t<div class=\"elementor-widget-container\">\n\t\t\t<style>\/*! elementor - v3.10.2 - 29-01-2023 *\/\n.elementor-widget-text-editor.elementor-drop-cap-view-stacked .elementor-drop-cap{background-color:#818a91;color:#fff}.elementor-widget-text-editor.elementor-drop-cap-view-framed .elementor-drop-cap{color:#818a91;border:3px solid;background-color:transparent}.elementor-widget-text-editor:not(.elementor-drop-cap-view-default) .elementor-drop-cap{margin-top:8px}.elementor-widget-text-editor:not(.elementor-drop-cap-view-default) .elementor-drop-cap-letter{width:1em;height:1em}.elementor-widget-text-editor .elementor-drop-cap{float:left;text-align:center;line-height:1;font-size:50px}.elementor-widget-text-editor .elementor-drop-cap-letter{display:inline-block}<\/style>\t\t\t\t<p><strong>Pachuca, Hgo., 23 de enero de 2026.-<\/strong>M\u00e1s de 10 sedes en todo el estado ofrecer\u00e1n formaci\u00f3n art\u00edstica, a trav\u00e9s del Centro de las Artes de Hidalgo y los Centros Culturales Regionales, acercando servicios culturales a distintas regiones.<\/p><p>Se fortalece la educaci\u00f3n art\u00edstica comunitaria y escolarizada, con programas como M\u00fasica para el Pueblo y las Escuelas de Educaci\u00f3n Art\u00edstica Asociadas al INBAL en Zimap\u00e1n e Ixmiquilpan<\/p><p>La convocatoria para nuevo ingreso puede consultarse en las redes sociales oficiales de la Secretar\u00eda de Cultura, as\u00ed como en su sitio web<\/p><p>Como parte de la pol\u00edtica cultural que impulsa el Gobierno del Estado de Hidalgo, encabezado por el gobernador Julio Menchaca Salazar, se present\u00f3 la oferta educativa del Programa Estatal de Educaci\u00f3n Art\u00edstica, correspondiente al ciclo escolar febrero\u2013junio 2026, orientada a garantizar un acceso amplio, equitativo y descentralizado a la formaci\u00f3n art\u00edstica.<\/p><p>La oferta acad\u00e9mica incluye disciplinas como artes visuales, danza, m\u00fasica, literatura y teatro, enfocadas en el desarrollo creativo, el descubrimiento vocacional y la participaci\u00f3n comunitaria.<\/p><p>Los talleres se impartir\u00e1n del 23 de febrero al 27 de junio en sedes ubicadas en Huichapan, Ixmiquilpan, Zimap\u00e1n, Real del Monte, Emiliano Zapata, Tepeapulco, Tenango de Doria, Tlahuelilpan, Zacualtip\u00e1n de \u00c1ngeles y Huejutla de Reyes.<\/p><p>Estas acciones, coordinadas por la Secretar\u00eda de Cultura, a cargo de Neyda Naranjo Baltazar, refrendan el compromiso del gobierno estatal de impulsar la educaci\u00f3n art\u00edstica como un derecho cultural para la poblaci\u00f3n hidalguense.<\/p>\t\t\t\t\t\t<\/div>\n\t\t\t\t<\/div>\n\t\t\t\t\t<\/div>\n\t\t<\/div>\n\t\t\t\t\t\t\t<\/div>\n\t\t<\/section>\n\t\t\t\t\t\t\t<\/div>\n\t\t","protected":false},"excerpt":{"rendered":"<p>Pachuca, Hgo., 23 de enero de 2026.-M\u00e1s de 10 sedes en todo el estado ofrecer\u00e1n formaci\u00f3n art\u00edstica, a trav\u00e9s del Centro de las Artes de Hidalgo y los Centros Culturales Regionales, acercando servicios culturales a distintas regiones. Se fortalece la educaci\u00f3n art\u00edstica comunitaria y escolarizada, con programas como M\u00fasica para el Pueblo y las Escuelas [&hellip;]<\/p>\n","protected":false},"author":1,"featured_media":101703,"comment_status":"closed","ping_status":"closed","sticky":false,"template":"","format":"standard","meta":[],"categories":[4],"tags":[],"_links":{"self":[{"href":"https:\/\/www.diarionoti7.com.mx\/index.php?rest_route=\/wp\/v2\/posts\/101701"}],"collection":[{"href":"https:\/\/www.diarionoti7.com.mx\/index.php?rest_route=\/wp\/v2\/posts"}],"about":[{"href":"https:\/\/www.diarionoti7.com.mx\/index.php?rest_route=\/wp\/v2\/types\/post"}],"author":[{"embeddable":true,"href":"https:\/\/www.diarionoti7.com.mx\/index.php?rest_route=\/wp\/v2\/users\/1"}],"replies":[{"embeddable":true,"href":"https:\/\/www.diarionoti7.com.mx\/index.php?rest_route=%2Fwp%2Fv2%2Fcomments&post=101701"}],"version-history":[{"count":4,"href":"https:\/\/www.diarionoti7.com.mx\/index.php?rest_route=\/wp\/v2\/posts\/101701\/revisions"}],"predecessor-version":[{"id":101706,"href":"https:\/\/www.diarionoti7.com.mx\/index.php?rest_route=\/wp\/v2\/posts\/101701\/revisions\/101706"}],"wp:featuredmedia":[{"embeddable":true,"href":"https:\/\/www.diarionoti7.com.mx\/index.php?rest_route=\/wp\/v2\/media\/101703"}],"wp:attachment":[{"href":"https:\/\/www.diarionoti7.com.mx\/index.php?rest_route=%2Fwp%2Fv2%2Fmedia&parent=101701"}],"wp:term":[{"taxonomy":"category","embeddable":true,"href":"https:\/\/www.diarionoti7.com.mx\/index.php?rest_route=%2Fwp%2Fv2%2Fcategories&post=101701"},{"taxonomy":"post_tag","embeddable":true,"href":"https:\/\/www.diarionoti7.com.mx\/index.php?rest_route=%2Fwp%2Fv2%2Ftags&post=101701"}],"curies":[{"name":"wp","href":"https:\/\/api.w.org\/{rel}","templated":true}]}}