{"id":101695,"date":"2026-01-25T09:27:05","date_gmt":"2026-01-25T09:27:05","guid":{"rendered":"https:\/\/www.diarionoti7.com.mx\/?p=101695"},"modified":"2026-01-25T19:27:53","modified_gmt":"2026-01-25T19:27:53","slug":"uph-fortalece-competencias-docentes-para-certificacion-nacional","status":"publish","type":"post","link":"https:\/\/www.diarionoti7.com.mx\/?p=101695","title":{"rendered":"UPH Fortalece Competencias Docentes Para Certificaci\u00f3n Nacional"},"content":{"rendered":"\t\t<div data-elementor-type=\"wp-post\" data-elementor-id=\"101695\" class=\"elementor elementor-101695\">\n\t\t\t\t\t\t\t\t\t<section class=\"elementor-section elementor-top-section elementor-element elementor-element-c09b8f0 elementor-section-boxed elementor-section-height-default elementor-section-height-default\" data-id=\"c09b8f0\" data-element_type=\"section\">\n\t\t\t\t\t\t<div class=\"elementor-container elementor-column-gap-default\">\n\t\t\t\t\t<div class=\"elementor-column elementor-col-100 elementor-top-column elementor-element elementor-element-955a561\" data-id=\"955a561\" data-element_type=\"column\">\n\t\t\t<div class=\"elementor-widget-wrap elementor-element-populated\">\n\t\t\t\t\t\t\t\t<div class=\"elementor-element elementor-element-0ce869c elementor-widget elementor-widget-text-editor\" data-id=\"0ce869c\" data-element_type=\"widget\" data-widget_type=\"text-editor.default\">\n\t\t\t\t<div class=\"elementor-widget-container\">\n\t\t\t<style>\/*! elementor - v3.10.2 - 29-01-2023 *\/\n.elementor-widget-text-editor.elementor-drop-cap-view-stacked .elementor-drop-cap{background-color:#818a91;color:#fff}.elementor-widget-text-editor.elementor-drop-cap-view-framed .elementor-drop-cap{color:#818a91;border:3px solid;background-color:transparent}.elementor-widget-text-editor:not(.elementor-drop-cap-view-default) .elementor-drop-cap{margin-top:8px}.elementor-widget-text-editor:not(.elementor-drop-cap-view-default) .elementor-drop-cap-letter{width:1em;height:1em}.elementor-widget-text-editor .elementor-drop-cap{float:left;text-align:center;line-height:1;font-size:50px}.elementor-widget-text-editor .elementor-drop-cap-letter{display:inline-block}<\/style>\t\t\t\t<p><strong>-Buscan acreditaci\u00f3n del CONOCER en aprendizaje significativo <\/strong><\/p><p><strong>Pachuca, Hgo., 23 de enero de 2026.-<\/strong>La Universidad Polit\u00e9cnica de Huejutla (UPH) capacit\u00f3 a sus docentes para obtener la certificaci\u00f3n del Est\u00e1ndar de Competencia EC0647 \u201cPropiciar el aprendizaje significativo en Educaci\u00f3n Media Superior y Superior\u201d, avalado por el Consejo Nacional de Normalizaci\u00f3n y Certificaci\u00f3n de Competencias Laborales (CONOCER).<\/p><p>El programa de formaci\u00f3n est\u00e1 dise\u00f1ado para fortalecer las competencias pedag\u00f3gicas, did\u00e1cticas y de evaluaci\u00f3n del personal acad\u00e9mico, facilitando la planeaci\u00f3n de secuencias did\u00e1cticas, la creaci\u00f3n de ambientes de aprendizaje efectivos y la implementaci\u00f3n de evaluaciones formativas centradas en el logro de aprendizajes significativos.<\/p><p>En esta capacitaci\u00f3n participaron 50 docentes, quienes contribuyen directamente al \u00e1rea acad\u00e9mica de la instituci\u00f3n. Con la certificaci\u00f3n, la UPH fortalece sus procesos educativos y consolida una planta docente altamente capacitada, alineada a los est\u00e1ndares nacionales de calidad educativa y a las demandas actuales del sistema de educaci\u00f3n superior.<\/p><p>El rector de la UPH, Jos\u00e9 Eugenio Segura Marroqu\u00edn, destac\u00f3 que esta capacitaci\u00f3n impacta de manera positiva en la preparaci\u00f3n del estudiantado, al permitirles adquirir mayores conocimientos, habilidades y competencias que favorecen su desarrollo profesional y contribuyen al progreso educativo, social y econ\u00f3mico de la regi\u00f3n.<\/p><p>Adem\u00e1s, la Universidad Polit\u00e9cnica de Huejutla reafirma as\u00ed su compromiso con la capacitaci\u00f3n y profesionalizaci\u00f3n de su personal, garantizando una educaci\u00f3n de excelencia y acorde a los retos del entorno actual.<\/p>\t\t\t\t\t\t<\/div>\n\t\t\t\t<\/div>\n\t\t\t\t\t<\/div>\n\t\t<\/div>\n\t\t\t\t\t\t\t<\/div>\n\t\t<\/section>\n\t\t\t\t\t\t\t<\/div>\n\t\t","protected":false},"excerpt":{"rendered":"<p>-Buscan acreditaci\u00f3n del CONOCER en aprendizaje significativo Pachuca, Hgo., 23 de enero de 2026.-La Universidad Polit\u00e9cnica de Huejutla (UPH) capacit\u00f3 a sus docentes para obtener la certificaci\u00f3n del Est\u00e1ndar de Competencia EC0647 \u201cPropiciar el aprendizaje significativo en Educaci\u00f3n Media Superior y Superior\u201d, avalado por el Consejo Nacional de Normalizaci\u00f3n y Certificaci\u00f3n de Competencias Laborales (CONOCER). [&hellip;]<\/p>\n","protected":false},"author":1,"featured_media":101697,"comment_status":"closed","ping_status":"closed","sticky":false,"template":"","format":"standard","meta":[],"categories":[4],"tags":[],"_links":{"self":[{"href":"https:\/\/www.diarionoti7.com.mx\/index.php?rest_route=\/wp\/v2\/posts\/101695"}],"collection":[{"href":"https:\/\/www.diarionoti7.com.mx\/index.php?rest_route=\/wp\/v2\/posts"}],"about":[{"href":"https:\/\/www.diarionoti7.com.mx\/index.php?rest_route=\/wp\/v2\/types\/post"}],"author":[{"embeddable":true,"href":"https:\/\/www.diarionoti7.com.mx\/index.php?rest_route=\/wp\/v2\/users\/1"}],"replies":[{"embeddable":true,"href":"https:\/\/www.diarionoti7.com.mx\/index.php?rest_route=%2Fwp%2Fv2%2Fcomments&post=101695"}],"version-history":[{"count":4,"href":"https:\/\/www.diarionoti7.com.mx\/index.php?rest_route=\/wp\/v2\/posts\/101695\/revisions"}],"predecessor-version":[{"id":101700,"href":"https:\/\/www.diarionoti7.com.mx\/index.php?rest_route=\/wp\/v2\/posts\/101695\/revisions\/101700"}],"wp:featuredmedia":[{"embeddable":true,"href":"https:\/\/www.diarionoti7.com.mx\/index.php?rest_route=\/wp\/v2\/media\/101697"}],"wp:attachment":[{"href":"https:\/\/www.diarionoti7.com.mx\/index.php?rest_route=%2Fwp%2Fv2%2Fmedia&parent=101695"}],"wp:term":[{"taxonomy":"category","embeddable":true,"href":"https:\/\/www.diarionoti7.com.mx\/index.php?rest_route=%2Fwp%2Fv2%2Fcategories&post=101695"},{"taxonomy":"post_tag","embeddable":true,"href":"https:\/\/www.diarionoti7.com.mx\/index.php?rest_route=%2Fwp%2Fv2%2Ftags&post=101695"}],"curies":[{"name":"wp","href":"https:\/\/api.w.org\/{rel}","templated":true}]}}