{"id":101683,"date":"2026-01-25T09:24:54","date_gmt":"2026-01-25T09:24:54","guid":{"rendered":"https:\/\/www.diarionoti7.com.mx\/?p=101683"},"modified":"2026-01-25T19:25:50","modified_gmt":"2026-01-25T19:25:50","slug":"estudio-ensu-inegi-revela-que-de-23-areas-urbanas-del-pais-pachuca-aumento-su-percepcion-de-inseguridad","status":"publish","type":"post","link":"https:\/\/www.diarionoti7.com.mx\/?p=101683","title":{"rendered":"Estudio ENSU-INEGI Revela que de 23 \u00c1reas Urbanas del Pa\u00eds Pachuca Aumento su Percepci\u00f3n de Inseguridad"},"content":{"rendered":"\t\t<div data-elementor-type=\"wp-post\" data-elementor-id=\"101683\" class=\"elementor elementor-101683\">\n\t\t\t\t\t\t\t\t\t<section class=\"elementor-section elementor-top-section elementor-element elementor-element-c09b8f0 elementor-section-boxed elementor-section-height-default elementor-section-height-default\" data-id=\"c09b8f0\" data-element_type=\"section\">\n\t\t\t\t\t\t<div class=\"elementor-container elementor-column-gap-default\">\n\t\t\t\t\t<div class=\"elementor-column elementor-col-100 elementor-top-column elementor-element elementor-element-955a561\" data-id=\"955a561\" data-element_type=\"column\">\n\t\t\t<div class=\"elementor-widget-wrap elementor-element-populated\">\n\t\t\t\t\t\t\t\t<div class=\"elementor-element elementor-element-0ce869c elementor-widget elementor-widget-text-editor\" data-id=\"0ce869c\" data-element_type=\"widget\" data-widget_type=\"text-editor.default\">\n\t\t\t\t<div class=\"elementor-widget-container\">\n\t\t\t<style>\/*! elementor - v3.10.2 - 29-01-2023 *\/\n.elementor-widget-text-editor.elementor-drop-cap-view-stacked .elementor-drop-cap{background-color:#818a91;color:#fff}.elementor-widget-text-editor.elementor-drop-cap-view-framed .elementor-drop-cap{color:#818a91;border:3px solid;background-color:transparent}.elementor-widget-text-editor:not(.elementor-drop-cap-view-default) .elementor-drop-cap{margin-top:8px}.elementor-widget-text-editor:not(.elementor-drop-cap-view-default) .elementor-drop-cap-letter{width:1em;height:1em}.elementor-widget-text-editor .elementor-drop-cap{float:left;text-align:center;line-height:1;font-size:50px}.elementor-widget-text-editor .elementor-drop-cap-letter{display:inline-block}<\/style>\t\t\t\t<p>Pachuca, Hgo.-Durante 2025 aument\u00f3 la percepci\u00f3n de inseguridad en Pachuca, esto debido a que m\u00e1s personas manifestaron sentirse vulnerables a ser v\u00edctimas del delito.\u00a0<\/p><p>As\u00ed lo revel\u00f3 el informe m\u00e1s reciente de la Encuesta Nacional de Seguridad P\u00fablica Urbana (ENSU) del Instituto Nacional de Estad\u00edstica y Geograf\u00eda (<a href=\"https:\/\/www.inegi.org.mx\/\"><em>INEGI<\/em><\/a>)<\/p><p>Pachuca registr\u00f3 un aumento de 3.7 puntos porcentuales en la percepci\u00f3n de inseguridad durante el primer trimestre de 2025. En este periodo, el 51.2 por ciento de los entrevistados se\u00f1al\u00f3 sentirse vulnerable al delito, frente al 47.5 por ciento del cuarto trimestre de 2024.\u00a0<\/p><p>Sin embargo, al comparar los resultados del primer trimestre de 2025 con el mismo periodo de 2024, se observa una disminuci\u00f3n de 2.5 puntos porcentuales en la percepci\u00f3n de inseguridad. Hace un a\u00f1o, el 53.7 por ciento de la ciudadan\u00eda dijo sentirse vulnerable ante la delincuencia.\u00a0<\/p><p>A nivel nacional, la percepci\u00f3n de inseguridad registr\u00f3 un ligero incremento de 0.2 puntos porcentuales en el \u00faltimo trimestre. Mientras que en el cuarto trimestre de 2024 el 61.7 por ciento de los encuestados dijo sentirse inseguro en su ciudad, en el primer trimestre de 2025 la cifra subi\u00f3 a 61.9 por ciento.<\/p><p>Este incremento coloca a la capital de Hidalgo dentro de las 23 \u00e1reas urbanas del pa\u00eds que experimentaron una subida estad\u00edstica significativa en este indicador durante el \u00faltimo ciclo anual.<\/p><p>Mientras Pachuca enfrenta esta tendencia al alza, el informe del INEGI destaca los extremos de la realidad nacional en materia de percepci\u00f3n de seguridad.<\/p>\t\t\t\t\t\t<\/div>\n\t\t\t\t<\/div>\n\t\t\t\t\t<\/div>\n\t\t<\/div>\n\t\t\t\t\t\t\t<\/div>\n\t\t<\/section>\n\t\t\t\t\t\t\t<\/div>\n\t\t","protected":false},"excerpt":{"rendered":"<p>Pachuca, Hgo.-Durante 2025 aument\u00f3 la percepci\u00f3n de inseguridad en Pachuca, esto debido a que m\u00e1s personas manifestaron sentirse vulnerables a ser v\u00edctimas del delito.\u00a0 As\u00ed lo revel\u00f3 el informe m\u00e1s reciente de la Encuesta Nacional de Seguridad P\u00fablica Urbana (ENSU) del Instituto Nacional de Estad\u00edstica y Geograf\u00eda (INEGI) Pachuca registr\u00f3 un aumento de 3.7 puntos [&hellip;]<\/p>\n","protected":false},"author":1,"featured_media":101685,"comment_status":"closed","ping_status":"closed","sticky":false,"template":"","format":"standard","meta":[],"categories":[9],"tags":[],"_links":{"self":[{"href":"https:\/\/www.diarionoti7.com.mx\/index.php?rest_route=\/wp\/v2\/posts\/101683"}],"collection":[{"href":"https:\/\/www.diarionoti7.com.mx\/index.php?rest_route=\/wp\/v2\/posts"}],"about":[{"href":"https:\/\/www.diarionoti7.com.mx\/index.php?rest_route=\/wp\/v2\/types\/post"}],"author":[{"embeddable":true,"href":"https:\/\/www.diarionoti7.com.mx\/index.php?rest_route=\/wp\/v2\/users\/1"}],"replies":[{"embeddable":true,"href":"https:\/\/www.diarionoti7.com.mx\/index.php?rest_route=%2Fwp%2Fv2%2Fcomments&post=101683"}],"version-history":[{"count":4,"href":"https:\/\/www.diarionoti7.com.mx\/index.php?rest_route=\/wp\/v2\/posts\/101683\/revisions"}],"predecessor-version":[{"id":101688,"href":"https:\/\/www.diarionoti7.com.mx\/index.php?rest_route=\/wp\/v2\/posts\/101683\/revisions\/101688"}],"wp:featuredmedia":[{"embeddable":true,"href":"https:\/\/www.diarionoti7.com.mx\/index.php?rest_route=\/wp\/v2\/media\/101685"}],"wp:attachment":[{"href":"https:\/\/www.diarionoti7.com.mx\/index.php?rest_route=%2Fwp%2Fv2%2Fmedia&parent=101683"}],"wp:term":[{"taxonomy":"category","embeddable":true,"href":"https:\/\/www.diarionoti7.com.mx\/index.php?rest_route=%2Fwp%2Fv2%2Fcategories&post=101683"},{"taxonomy":"post_tag","embeddable":true,"href":"https:\/\/www.diarionoti7.com.mx\/index.php?rest_route=%2Fwp%2Fv2%2Ftags&post=101683"}],"curies":[{"name":"wp","href":"https:\/\/api.w.org\/{rel}","templated":true}]}}