{"id":101676,"date":"2026-01-25T09:20:31","date_gmt":"2026-01-25T09:20:31","guid":{"rendered":"https:\/\/www.diarionoti7.com.mx\/?p=101676"},"modified":"2026-01-25T19:24:37","modified_gmt":"2026-01-25T19:24:37","slug":"volco-un-vehiculo-particular-sobre-la-carretera-pachuca-actopan-a-la-altura-de-tecamatl","status":"publish","type":"post","link":"https:\/\/www.diarionoti7.com.mx\/?p=101676","title":{"rendered":"Volc\u00f3 Un Veh\u00edculo Particular Sobre la Carretera Pachuca-Actopan a la Altura de Tecamatl"},"content":{"rendered":"\t\t<div data-elementor-type=\"wp-post\" data-elementor-id=\"101676\" class=\"elementor elementor-101676\">\n\t\t\t\t\t\t\t\t\t<section class=\"elementor-section elementor-top-section elementor-element elementor-element-c09b8f0 elementor-section-boxed elementor-section-height-default elementor-section-height-default\" data-id=\"c09b8f0\" data-element_type=\"section\">\n\t\t\t\t\t\t<div class=\"elementor-container elementor-column-gap-default\">\n\t\t\t\t\t<div class=\"elementor-column elementor-col-100 elementor-top-column elementor-element elementor-element-955a561\" data-id=\"955a561\" data-element_type=\"column\">\n\t\t\t<div class=\"elementor-widget-wrap elementor-element-populated\">\n\t\t\t\t\t\t\t\t<div class=\"elementor-element elementor-element-0ce869c elementor-widget elementor-widget-text-editor\" data-id=\"0ce869c\" data-element_type=\"widget\" data-widget_type=\"text-editor.default\">\n\t\t\t\t<div class=\"elementor-widget-container\">\n\t\t\t<style>\/*! elementor - v3.10.2 - 29-01-2023 *\/\n.elementor-widget-text-editor.elementor-drop-cap-view-stacked .elementor-drop-cap{background-color:#818a91;color:#fff}.elementor-widget-text-editor.elementor-drop-cap-view-framed .elementor-drop-cap{color:#818a91;border:3px solid;background-color:transparent}.elementor-widget-text-editor:not(.elementor-drop-cap-view-default) .elementor-drop-cap{margin-top:8px}.elementor-widget-text-editor:not(.elementor-drop-cap-view-default) .elementor-drop-cap-letter{width:1em;height:1em}.elementor-widget-text-editor .elementor-drop-cap{float:left;text-align:center;line-height:1;font-size:50px}.elementor-widget-text-editor .elementor-drop-cap-letter{display:inline-block}<\/style>\t\t\t\t<p><strong>Pachuca, Hgo., 24 de enero 2026.- <\/strong>La noche de este s\u00e1bado se registr\u00f3 la volcadura de un veh\u00edculo particular sobre la carretera Pachuca-Actopan, en el tramo correspondiente a\u00a0San Agust\u00edn Tlaxiaca, lo que gener\u00f3 afectaciones a la circulaci\u00f3n vehicular.<\/p><p>De acuerdo con informaci\u00f3n proporcionada por la Polic\u00eda de Hidalgo, el accidente ocurri\u00f3 a la altura de la comunidad de Tecamatl, donde la unidad perdi\u00f3 el control y termin\u00f3 volcada sobre la cinta asf\u00e1ltica. Hasta el momento, no se ha precisado el n\u00famero de personas lesionadas ni la gravedad de sus posibles heridas.<\/p><p>Al lugar se espera el arribo de los cuerpos de emergencia para brindar atenci\u00f3n m\u00e9dica a los ocupantes del veh\u00edculo, as\u00ed como realizar las labores necesarias para retirar la unidad siniestrada.<\/p><p>Derivado del percance, el tr\u00e1nsito se encuentra afectado en ambos sentidos de la v\u00eda, por lo que se recomienda a los automovilistas extremar precauciones y\u00a0considerar rutas alternas mientras contin\u00faan las labores de atenci\u00f3n.<\/p>\t\t\t\t\t\t<\/div>\n\t\t\t\t<\/div>\n\t\t\t\t\t<\/div>\n\t\t<\/div>\n\t\t\t\t\t\t\t<\/div>\n\t\t<\/section>\n\t\t\t\t\t\t\t<\/div>\n\t\t","protected":false},"excerpt":{"rendered":"<p>Pachuca, Hgo., 24 de enero 2026.- La noche de este s\u00e1bado se registr\u00f3 la volcadura de un veh\u00edculo particular sobre la carretera Pachuca-Actopan, en el tramo correspondiente a\u00a0San Agust\u00edn Tlaxiaca, lo que gener\u00f3 afectaciones a la circulaci\u00f3n vehicular. De acuerdo con informaci\u00f3n proporcionada por la Polic\u00eda de Hidalgo, el accidente ocurri\u00f3 a la altura de [&hellip;]<\/p>\n","protected":false},"author":1,"featured_media":101679,"comment_status":"closed","ping_status":"closed","sticky":false,"template":"","format":"standard","meta":[],"categories":[22],"tags":[],"_links":{"self":[{"href":"https:\/\/www.diarionoti7.com.mx\/index.php?rest_route=\/wp\/v2\/posts\/101676"}],"collection":[{"href":"https:\/\/www.diarionoti7.com.mx\/index.php?rest_route=\/wp\/v2\/posts"}],"about":[{"href":"https:\/\/www.diarionoti7.com.mx\/index.php?rest_route=\/wp\/v2\/types\/post"}],"author":[{"embeddable":true,"href":"https:\/\/www.diarionoti7.com.mx\/index.php?rest_route=\/wp\/v2\/users\/1"}],"replies":[{"embeddable":true,"href":"https:\/\/www.diarionoti7.com.mx\/index.php?rest_route=%2Fwp%2Fv2%2Fcomments&post=101676"}],"version-history":[{"count":5,"href":"https:\/\/www.diarionoti7.com.mx\/index.php?rest_route=\/wp\/v2\/posts\/101676\/revisions"}],"predecessor-version":[{"id":101682,"href":"https:\/\/www.diarionoti7.com.mx\/index.php?rest_route=\/wp\/v2\/posts\/101676\/revisions\/101682"}],"wp:featuredmedia":[{"embeddable":true,"href":"https:\/\/www.diarionoti7.com.mx\/index.php?rest_route=\/wp\/v2\/media\/101679"}],"wp:attachment":[{"href":"https:\/\/www.diarionoti7.com.mx\/index.php?rest_route=%2Fwp%2Fv2%2Fmedia&parent=101676"}],"wp:term":[{"taxonomy":"category","embeddable":true,"href":"https:\/\/www.diarionoti7.com.mx\/index.php?rest_route=%2Fwp%2Fv2%2Fcategories&post=101676"},{"taxonomy":"post_tag","embeddable":true,"href":"https:\/\/www.diarionoti7.com.mx\/index.php?rest_route=%2Fwp%2Fv2%2Ftags&post=101676"}],"curies":[{"name":"wp","href":"https:\/\/api.w.org\/{rel}","templated":true}]}}