{"id":101316,"date":"2026-01-21T08:41:52","date_gmt":"2026-01-21T08:41:52","guid":{"rendered":"https:\/\/www.diarionoti7.com.mx\/?p=101316"},"modified":"2026-01-21T18:43:13","modified_gmt":"2026-01-21T18:43:13","slug":"estudiante-de-la-ut-de-la-sierra-hidalguense","status":"publish","type":"post","link":"https:\/\/www.diarionoti7.com.mx\/?p=101316","title":{"rendered":"Estudiante de la UT de la Sierra Hidalguense"},"content":{"rendered":"\t\t<div data-elementor-type=\"wp-post\" data-elementor-id=\"101316\" class=\"elementor elementor-101316\">\n\t\t\t\t\t\t\t\t\t<section class=\"elementor-section elementor-top-section elementor-element elementor-element-c09b8f0 elementor-section-boxed elementor-section-height-default elementor-section-height-default\" data-id=\"c09b8f0\" data-element_type=\"section\">\n\t\t\t\t\t\t<div class=\"elementor-container elementor-column-gap-default\">\n\t\t\t\t\t<div class=\"elementor-column elementor-col-100 elementor-top-column elementor-element elementor-element-955a561\" data-id=\"955a561\" data-element_type=\"column\">\n\t\t\t<div class=\"elementor-widget-wrap elementor-element-populated\">\n\t\t\t\t\t\t\t\t<div class=\"elementor-element elementor-element-0ce869c elementor-widget elementor-widget-text-editor\" data-id=\"0ce869c\" data-element_type=\"widget\" data-widget_type=\"text-editor.default\">\n\t\t\t\t<div class=\"elementor-widget-container\">\n\t\t\t<style>\/*! elementor - v3.10.2 - 29-01-2023 *\/\n.elementor-widget-text-editor.elementor-drop-cap-view-stacked .elementor-drop-cap{background-color:#818a91;color:#fff}.elementor-widget-text-editor.elementor-drop-cap-view-framed .elementor-drop-cap{color:#818a91;border:3px solid;background-color:transparent}.elementor-widget-text-editor:not(.elementor-drop-cap-view-default) .elementor-drop-cap{margin-top:8px}.elementor-widget-text-editor:not(.elementor-drop-cap-view-default) .elementor-drop-cap-letter{width:1em;height:1em}.elementor-widget-text-editor .elementor-drop-cap{float:left;text-align:center;line-height:1;font-size:50px}.elementor-widget-text-editor .elementor-drop-cap-letter{display:inline-block}<\/style>\t\t\t\t<p><strong>-Alfredo Vargas V\u00e1zquez, alumno de Ingenier\u00eda en Mecatr\u00f3nica, har\u00e1 una estancia en Espa\u00f1a para potenciar su emprendimiento<\/strong><\/p><p><strong>Pachuca, Hgo., 20 de enero de 2026.- <\/strong>Alfredo Vargas V\u00e1zquez, estudiante de Ingenier\u00eda en Mecatr\u00f3nica de la Universidad Tecnol\u00f3gica de la Sierra Hidalguense (UTSH), fue seleccionado para participar en el programa internacional Future Builders NY\u2013Madrid TrepCamp 2026, una experiencia acad\u00e9mica enfocada en el desarrollo del emprendimiento y la innovaci\u00f3n.<\/p><p>El programa se llevar\u00e1 a cabo del 19 de enero al 3 de febrero en Madrid, Espa\u00f1a, y reunir\u00e1 a estudiantes de distintos pa\u00edses interesados en fortalecer sus competencias emprendedoras mediante un enfoque pr\u00e1ctico e intensivo.<\/p><p>Durante su estancia, Alfredo participar\u00e1 en un simulador de emprendimiento guiado por expertos, enfrentando escenarios reales del mundo empresarial y fortaleciendo su visi\u00f3n estrat\u00e9gica.<\/p><p>El rector de la UTSH, Beder Rodr\u00edguez Villegas, destac\u00f3 que la beca representa un logro importante para Alfredo, as\u00ed como para toda la comunidad universitaria, al reflejar el talento, compromiso y preparaci\u00f3n de los estudiantes para integrarse a entornos internacionales.<\/p><p>Adem\u00e1s, subray\u00f3 que la participaci\u00f3n en este programa internacional se relaciona directamente con la formaci\u00f3n acad\u00e9mica que ofrece la UTSH, que promueve activamente la b\u00fasqueda de convocatorias y oportunidades para que sus estudiantes fortalezcan su formaci\u00f3n integral, desarrollando habilidades en innovaci\u00f3n y emprendimiento profesional.<\/p><p>Asimismo, este tipo de experiencias complementa la preparaci\u00f3n t\u00e9cnica de la carrera de Ingenier\u00eda en Mecatr\u00f3nica, y ampl\u00eda la visi\u00f3n del estudiante hacia la aplicaci\u00f3n de sus conocimientos en contextos reales, globales y multidisciplinarios.\u00a0<\/p>\t\t\t\t\t\t<\/div>\n\t\t\t\t<\/div>\n\t\t\t\t\t<\/div>\n\t\t<\/div>\n\t\t\t\t\t\t\t<\/div>\n\t\t<\/section>\n\t\t\t\t\t\t\t<\/div>\n\t\t","protected":false},"excerpt":{"rendered":"<p>-Alfredo Vargas V\u00e1zquez, alumno de Ingenier\u00eda en Mecatr\u00f3nica, har\u00e1 una estancia en Espa\u00f1a para potenciar su emprendimiento Pachuca, Hgo., 20 de enero de 2026.- Alfredo Vargas V\u00e1zquez, estudiante de Ingenier\u00eda en Mecatr\u00f3nica de la Universidad Tecnol\u00f3gica de la Sierra Hidalguense (UTSH), fue seleccionado para participar en el programa internacional Future Builders NY\u2013Madrid TrepCamp 2026, una [&hellip;]<\/p>\n","protected":false},"author":1,"featured_media":101318,"comment_status":"closed","ping_status":"closed","sticky":false,"template":"","format":"standard","meta":[],"categories":[4],"tags":[],"_links":{"self":[{"href":"https:\/\/www.diarionoti7.com.mx\/index.php?rest_route=\/wp\/v2\/posts\/101316"}],"collection":[{"href":"https:\/\/www.diarionoti7.com.mx\/index.php?rest_route=\/wp\/v2\/posts"}],"about":[{"href":"https:\/\/www.diarionoti7.com.mx\/index.php?rest_route=\/wp\/v2\/types\/post"}],"author":[{"embeddable":true,"href":"https:\/\/www.diarionoti7.com.mx\/index.php?rest_route=\/wp\/v2\/users\/1"}],"replies":[{"embeddable":true,"href":"https:\/\/www.diarionoti7.com.mx\/index.php?rest_route=%2Fwp%2Fv2%2Fcomments&post=101316"}],"version-history":[{"count":4,"href":"https:\/\/www.diarionoti7.com.mx\/index.php?rest_route=\/wp\/v2\/posts\/101316\/revisions"}],"predecessor-version":[{"id":101321,"href":"https:\/\/www.diarionoti7.com.mx\/index.php?rest_route=\/wp\/v2\/posts\/101316\/revisions\/101321"}],"wp:featuredmedia":[{"embeddable":true,"href":"https:\/\/www.diarionoti7.com.mx\/index.php?rest_route=\/wp\/v2\/media\/101318"}],"wp:attachment":[{"href":"https:\/\/www.diarionoti7.com.mx\/index.php?rest_route=%2Fwp%2Fv2%2Fmedia&parent=101316"}],"wp:term":[{"taxonomy":"category","embeddable":true,"href":"https:\/\/www.diarionoti7.com.mx\/index.php?rest_route=%2Fwp%2Fv2%2Fcategories&post=101316"},{"taxonomy":"post_tag","embeddable":true,"href":"https:\/\/www.diarionoti7.com.mx\/index.php?rest_route=%2Fwp%2Fv2%2Ftags&post=101316"}],"curies":[{"name":"wp","href":"https:\/\/api.w.org\/{rel}","templated":true}]}}