{"id":100029,"date":"2026-01-04T09:08:38","date_gmt":"2026-01-04T09:08:38","guid":{"rendered":"https:\/\/www.diarionoti7.com.mx\/?p=100029"},"modified":"2026-01-04T19:09:24","modified_gmt":"2026-01-04T19:09:24","slug":"estudiante-de-utvam-gana-primer-lugar-en-declamacion","status":"publish","type":"post","link":"https:\/\/www.diarionoti7.com.mx\/?p=100029","title":{"rendered":"Estudiante de UTVAM gana primer lugar en declamaci\u00f3n"},"content":{"rendered":"\t\t<div data-elementor-type=\"wp-post\" data-elementor-id=\"100029\" class=\"elementor elementor-100029\">\n\t\t\t\t\t\t\t\t\t<section class=\"elementor-section elementor-top-section elementor-element elementor-element-c09b8f0 elementor-section-boxed elementor-section-height-default elementor-section-height-default\" data-id=\"c09b8f0\" data-element_type=\"section\">\n\t\t\t\t\t\t<div class=\"elementor-container elementor-column-gap-default\">\n\t\t\t\t\t<div class=\"elementor-column elementor-col-100 elementor-top-column elementor-element elementor-element-955a561\" data-id=\"955a561\" data-element_type=\"column\">\n\t\t\t<div class=\"elementor-widget-wrap elementor-element-populated\">\n\t\t\t\t\t\t\t\t<div class=\"elementor-element elementor-element-0ce869c elementor-widget elementor-widget-text-editor\" data-id=\"0ce869c\" data-element_type=\"widget\" data-widget_type=\"text-editor.default\">\n\t\t\t\t<div class=\"elementor-widget-container\">\n\t\t\t<style>\/*! elementor - v3.10.2 - 29-01-2023 *\/\n.elementor-widget-text-editor.elementor-drop-cap-view-stacked .elementor-drop-cap{background-color:#818a91;color:#fff}.elementor-widget-text-editor.elementor-drop-cap-view-framed .elementor-drop-cap{color:#818a91;border:3px solid;background-color:transparent}.elementor-widget-text-editor:not(.elementor-drop-cap-view-default) .elementor-drop-cap{margin-top:8px}.elementor-widget-text-editor:not(.elementor-drop-cap-view-default) .elementor-drop-cap-letter{width:1em;height:1em}.elementor-widget-text-editor .elementor-drop-cap{float:left;text-align:center;line-height:1;font-size:50px}.elementor-widget-text-editor .elementor-drop-cap-letter{display:inline-block}<\/style>\t\t\t\t<p><strong>-Gerardo Uriel destac\u00f3 por su talento y disciplina en la interpretaci\u00f3n de poes\u00eda en voz alta<\/strong><\/p><p><strong>Pachuca, Hgo., 3 de enero de 2026.-<\/strong>Gerardo Uriel Soria, estudiante de la Universidad Tecnol\u00f3gica del Valle de M\u00e9xico (UTVAM), obtuvo el primer lugar en la categor\u00eda de declamaci\u00f3n durante el Segundo Encuentro Regional Cultural y Deportivo, consolidando su talento en la interpretaci\u00f3n de poes\u00eda en voz alta.<\/p><p>El reconocimiento refleja a\u00f1os de constancia y preparaci\u00f3n: desde 2019, Gerardo ha participado en talleres, cursos y presentaciones literarias que han fortalecido su t\u00e9cnica vocal y expresividad.<\/p><p>En 2024, Gerardo inici\u00f3 formalmente su trayectoria en la declamaci\u00f3n al participar por primera vez en el Festival Internacional de Poes\u00eda Ignacio Rodr\u00edguez Galv\u00e1n. Posteriormente, tom\u00f3 parte en un evento de talentos j\u00f3venes en Tizayuca, donde reafirm\u00f3 su pasi\u00f3n por la interpretaci\u00f3n de poes\u00eda en voz alta. De manera paralela, realiz\u00f3 un curso de locuci\u00f3n en l\u00ednea que fortaleci\u00f3 su t\u00e9cnica vocal.<\/p><p>A finales de 2024 y durante gran parte de 2025, form\u00f3 parte del taller de Oratoria del municipio de Tizayuca, donde actu\u00f3 tanto como participante como asesor en formaci\u00f3n. Ese mismo a\u00f1o regres\u00f3 al Festival Rodr\u00edguez Galv\u00e1n, evidenciando una evoluci\u00f3n notable en su estilo interpretativo.<\/p><p>M\u00e1s tarde, complet\u00f3 su preparaci\u00f3n con el curso de Oratoria y Ret\u00f3rica Moderna, impartido por COPARMEX, lo que fortaleci\u00f3 su t\u00e9cnica vocal, el ritmo, la interpretaci\u00f3n y la presencia esc\u00e9nica.<\/p><p>La rectora de la UTVAM, Nadia Flores Mel\u00e9ndez, destac\u00f3 su compromiso y disciplina, y se\u00f1al\u00f3 que su \u00e9xito no solo lo distingue dentro de la comunidad universitaria, sino que tambi\u00e9n inspira a sus compa\u00f1eros, demostrando que la constancia y la pasi\u00f3n por la palabra hablada pueden convertir retos en logros de excelencia.<\/p>\t\t\t\t\t\t<\/div>\n\t\t\t\t<\/div>\n\t\t\t\t\t<\/div>\n\t\t<\/div>\n\t\t\t\t\t\t\t<\/div>\n\t\t<\/section>\n\t\t\t\t\t\t\t<\/div>\n\t\t","protected":false},"excerpt":{"rendered":"<p>-Gerardo Uriel destac\u00f3 por su talento y disciplina en la interpretaci\u00f3n de poes\u00eda en voz alta Pachuca, Hgo., 3 de enero de 2026.-Gerardo Uriel Soria, estudiante de la Universidad Tecnol\u00f3gica del Valle de M\u00e9xico (UTVAM), obtuvo el primer lugar en la categor\u00eda de declamaci\u00f3n durante el Segundo Encuentro Regional Cultural y Deportivo, consolidando su talento [&hellip;]<\/p>\n","protected":false},"author":1,"featured_media":100031,"comment_status":"closed","ping_status":"closed","sticky":false,"template":"","format":"standard","meta":[],"categories":[4],"tags":[],"_links":{"self":[{"href":"https:\/\/www.diarionoti7.com.mx\/index.php?rest_route=\/wp\/v2\/posts\/100029"}],"collection":[{"href":"https:\/\/www.diarionoti7.com.mx\/index.php?rest_route=\/wp\/v2\/posts"}],"about":[{"href":"https:\/\/www.diarionoti7.com.mx\/index.php?rest_route=\/wp\/v2\/types\/post"}],"author":[{"embeddable":true,"href":"https:\/\/www.diarionoti7.com.mx\/index.php?rest_route=\/wp\/v2\/users\/1"}],"replies":[{"embeddable":true,"href":"https:\/\/www.diarionoti7.com.mx\/index.php?rest_route=%2Fwp%2Fv2%2Fcomments&post=100029"}],"version-history":[{"count":4,"href":"https:\/\/www.diarionoti7.com.mx\/index.php?rest_route=\/wp\/v2\/posts\/100029\/revisions"}],"predecessor-version":[{"id":100034,"href":"https:\/\/www.diarionoti7.com.mx\/index.php?rest_route=\/wp\/v2\/posts\/100029\/revisions\/100034"}],"wp:featuredmedia":[{"embeddable":true,"href":"https:\/\/www.diarionoti7.com.mx\/index.php?rest_route=\/wp\/v2\/media\/100031"}],"wp:attachment":[{"href":"https:\/\/www.diarionoti7.com.mx\/index.php?rest_route=%2Fwp%2Fv2%2Fmedia&parent=100029"}],"wp:term":[{"taxonomy":"category","embeddable":true,"href":"https:\/\/www.diarionoti7.com.mx\/index.php?rest_route=%2Fwp%2Fv2%2Fcategories&post=100029"},{"taxonomy":"post_tag","embeddable":true,"href":"https:\/\/www.diarionoti7.com.mx\/index.php?rest_route=%2Fwp%2Fv2%2Ftags&post=100029"}],"curies":[{"name":"wp","href":"https:\/\/api.w.org\/{rel}","templated":true}]}}